{"id":58386,"date":"2023-08-05T11:00:00","date_gmt":"2023-08-05T16:00:00","guid":{"rendered":"http:\/\/www.zonaroja.com.mx\/?p=58386"},"modified":"2023-08-05T08:02:06","modified_gmt":"2023-08-05T13:02:06","slug":"continuan-las-fiestas-de-guelaguetza-ahora-desde-nueva-york-eu","status":"publish","type":"post","link":"https:\/\/zonaroja.com.mx\/?p=58386","title":{"rendered":"Contin\u00faan las fiestas de Guelaguetza, ahora desde Nueva York, EU"},"content":{"rendered":"\n<p>Yuridiana Sosa\/Zona Roja.<\/p>\n\n\n\n<p>Oaxaca de Ju\u00e1rez, Oax., a 5 de agosto de 2023.- El folclor y la alegr\u00eda de la m\u00e1xima fiesta de los oaxaque\u00f1os no acab\u00f3 en julio ni se qued\u00f3 en Oaxaca.<\/p>\n\n\n\n<p>La Guelaguetza sigue presente en agosto, ahora en Estados Unidos de Norteam\u00e9rica, por medio de grupos difusores de la cultura oaxaque\u00f1a.<\/p>\n\n\n\n<p>Se trata de la \u201cGuelaguetza de Poughkeepsie 2023\u201d, que se realizar\u00e1 ma\u00f1ana 6 de agosto en dicha ciudad del condado de Dutchess, en Nueva York, la cual fue convocada por el grupo folcl\u00f3rico de Poughkeepsie y que este a\u00f1o contar\u00e1 con la participaci\u00f3n de la periodista oaxaque\u00f1a Jenifer Hern\u00e1ndez Bernab\u00e9 para la conducci\u00f3n del programa.<\/p>\n\n\n\n<p>Para la fiesta se contempl\u00f3 la presentaci\u00f3n de diversas danzas, bailes y sones de las ocho regiones del estado. Adem\u00e1s de comida tradicional de la entidad, cantantes y grupos musicales, varios de estos originarios de Oaxaca.<\/p>\n\n\n\n<p>La Guelaguetza dar\u00e1 inicio con una calenda, con el desfile de delegaciones y la presentaci\u00f3n de la \u201cBanda Azul\u201d de Oaxaca; as\u00ed tambi\u00e9n como de su propia Diosa Cent\u00e9otl.<\/p>\n\n\n\n<p>Entre las delegaciones que se representar\u00e1n ser\u00e1n Chinas Oaxaque\u00f1as, Betaza, Sones Mazatecos, &nbsp;Torito Serrano, Boda Zoolage\u00f1a, Jarabe Mixteco, Pinotepa Nacional, Sones y Jarabes Mixes, &nbsp;representaci\u00f3n de Miahuatl\u00e1n, \u201cFlor de Pi\u00f1a\u201d, Pochutla, Ejutla, Juquila, Danza de los Zancudos de Zaachila, Danza de la Pluma, Danza de los Diablos de Juxtlahuaca, Chilenas de Cacaotepec, Putla y para cerrar el programa, la banda \u201cLa Envidia Norte\u00f1o\u201d.<\/p>\n\n\n\n<p>PRESERVAR RA\u00cdCES<\/p>\n\n\n\n<p>La Diosa Cent\u00e9otl para \u201cLa Guelaguetza de Poughkeepsie 2023\u201d est\u00e1 representada la joven Julairy Santos L\u00f3pez, nacida en Poughkeepsie pero con sangre de padres originarios de los Valles Centrales de Oaxaca, por lo que desde los cinco a\u00f1os ha participado en las fiestas de Guelaguetza en su pa\u00eds.<\/p>\n\n\n\n<p>Santos L\u00f3pez tiene una preferencia especial por el baile \u201cFlor de Pi\u00f1a\u201d, de Tuxtepec en la Cuenca de Oaxaca, por lo que para su presentaci\u00f3n port\u00f3 uno de sus huipiles y un cetro similar al de la Diosa Cent\u00e9otl de Oaxaca, Leticia Santiago de Santiago Yaitepec.<\/p>\n\n\n\n<p>Durante esta fiesta, en la que se comparte, el migrante oaxaque\u00f1o Marcos Hern\u00e1ndez, originario de la regi\u00f3n del Papaloapan, ofrecer\u00e1 su trabajo como pastelero para hacer un homenaje por medio de uno de sus postres a la maestra Paulina Sol\u00eds, creadora de la coreograf\u00eda \u201cFlor de Pi\u00f1a\u201d y que el pasado 9 de julio falleci\u00f3.<\/p>\n","protected":false},"excerpt":{"rendered":"<p>Yuridiana Sosa\/Zona Roja. Oaxaca de Ju\u00e1rez, Oax., a 5 de agosto de 2023.- El folclor&hellip;<\/p>\n","protected":false},"author":2,"featured_media":58387,"comment_status":"closed","ping_status":"open","sticky":false,"template":"","format":"standard","meta":{"_lmt_disableupdate":"","_lmt_disable":"","_jetpack_memberships_contains_paid_content":false,"footnotes":""},"categories":[109,46],"tags":[3636],"class_list":["post-58386","post","type-post","status-publish","format-standard","has-post-thumbnail","hentry","category-minuto-a-minuto","category-zona-blanca","tag-guelaguetza-poughkeepsie-nueva-york"],"jetpack_featured_media_url":"https:\/\/zonaroja.com.mx\/wp-content\/uploads\/2023\/08\/Guelaguetza-Nueva-York-Estados-Unidos.jpg","jetpack_sharing_enabled":true,"_links":{"self":[{"href":"https:\/\/zonaroja.com.mx\/index.php?rest_route=\/wp\/v2\/posts\/58386","targetHints":{"allow":["GET"]}}],"collection":[{"href":"https:\/\/zonaroja.com.mx\/index.php?rest_route=\/wp\/v2\/posts"}],"about":[{"href":"https:\/\/zonaroja.com.mx\/index.php?rest_route=\/wp\/v2\/types\/post"}],"author":[{"embeddable":true,"href":"https:\/\/zonaroja.com.mx\/index.php?rest_route=\/wp\/v2\/users\/2"}],"replies":[{"embeddable":true,"href":"https:\/\/zonaroja.com.mx\/index.php?rest_route=%2Fwp%2Fv2%2Fcomments&post=58386"}],"version-history":[{"count":1,"href":"https:\/\/zonaroja.com.mx\/index.php?rest_route=\/wp\/v2\/posts\/58386\/revisions"}],"predecessor-version":[{"id":58388,"href":"https:\/\/zonaroja.com.mx\/index.php?rest_route=\/wp\/v2\/posts\/58386\/revisions\/58388"}],"wp:featuredmedia":[{"embeddable":true,"href":"https:\/\/zonaroja.com.mx\/index.php?rest_route=\/wp\/v2\/media\/58387"}],"wp:attachment":[{"href":"https:\/\/zonaroja.com.mx\/index.php?rest_route=%2Fwp%2Fv2%2Fmedia&parent=58386"}],"wp:term":[{"taxonomy":"category","embeddable":true,"href":"https:\/\/zonaroja.com.mx\/index.php?rest_route=%2Fwp%2Fv2%2Fcategories&post=58386"},{"taxonomy":"post_tag","embeddable":true,"href":"https:\/\/zonaroja.com.mx\/index.php?rest_route=%2Fwp%2Fv2%2Ftags&post=58386"}],"curies":[{"name":"wp","href":"https:\/\/api.w.org\/{rel}","templated":true}]}}