{"id":58393,"date":"2023-08-05T12:00:00","date_gmt":"2023-08-05T17:00:00","guid":{"rendered":"http:\/\/www.zonaroja.com.mx\/?p=58393"},"modified":"2023-08-05T08:04:41","modified_gmt":"2023-08-05T13:04:41","slug":"inicia-poder-judicial-segundo-periodo-ordinario-de-sesiones-del-ano-2023","status":"publish","type":"post","link":"https:\/\/zonaroja.com.mx\/?p=58393","title":{"rendered":"Inicia Poder Judicial Segundo\u00a0Per\u00edodo Ordinario de Sesiones\u00a0del a\u00f1o\u00a02023"},"content":{"rendered":"\n<p>Redacci\u00f3n\/Zona Roja.<\/p>\n\n\n\n<p>Oaxaca de Ju\u00e1rez, Oax., a 5 de agosto de 2023.- Los plenos del&nbsp;Tribunal Superior de Justicia del Estado y&nbsp;del Consejo de la Judicatura, en sesiones por separado encabezadas por el magistrado presidente&nbsp;Eduardo Pinacho S\u00e1nchez,&nbsp;dieron inicio formalmente al&nbsp;Segundo Per\u00edodo Ordinario&nbsp;de Sesiones, correspondiente al a\u00f1o 2023.<\/p>\n\n\n\n<p>En cumplimiento a lo&nbsp;establecido en&nbsp;los art\u00edculos 11, 12 y 51 de la Ley Org\u00e1nica del Poder Judicial del Estado, los trabajos de esta jornada de labores en ambas instancias, comprender\u00e1n del 3 de agosto al \u00faltimo d\u00eda h\u00e1bil de la primera quincena del mes de diciembre del a\u00f1o en curso.<\/p>\n\n\n\n<p>Al realizar la declaratoria oficial y presidir la apertura de los trabajos de\u00a0los\u00a0plenos, el magistrado Presidente convoc\u00f3\u00a0a magistradas y magistrados, consejeras y consejeros\u00a0a\u00a0continuar redoblando\u00a0esfuerzos,\u00a0para responder a las solicitudes de\u00a0la ciudadan\u00eda\u00a0y los retos actuales.<\/p>\n\n\n\n<figure class=\"wp-block-embed is-type-rich is-provider-twitter wp-block-embed-twitter\"><div class=\"wp-block-embed__wrapper\">\n<div class=\"twitter-tweet\"><blockquote class=\"twitter-tweet\" data-lang=\"es\"><p lang=\"es\" dir=\"ltr\"><a href=\"https:\/\/twitter.com\/hashtag\/FelizViernesATodos?src=hash&amp;ref_src=twsrc%5Etfw\">#FelizViernesATodos<\/a> Los Plenos del <a href=\"https:\/\/twitter.com\/tsjoaxaca?ref_src=twsrc%5Etfw\">@tsjoaxaca<\/a> y del Consejo de la Judicatura, que preside el magistrado presidente Eduardo Pinacho S\u00e1nchez,dieron inicio al segundo periodo ordinario de sesiones, correspondiente al a\u00f1o 2023. <a href=\"https:\/\/t.co\/5MlaWsq12U\">pic.twitter.com\/5MlaWsq12U<\/a><\/p>&mdash; @TSJOaxaca (@tsjoaxaca) <a href=\"https:\/\/twitter.com\/tsjoaxaca\/status\/1687517388437147654?ref_src=twsrc%5Etfw\">4 de agosto de 2023<\/a><\/blockquote><\/div>\n<\/div><\/figure>\n\n\n\n<p>Cabe se\u00f1alar&nbsp;que,&nbsp;entre las principales acciones concretadas por&nbsp;el Poder Judicial del&nbsp;Estado en el primer semestre del a\u00f1o, se encuentran el inicio de funciones del Juzgado Segundo Familiar y Civil del Distrito del Etla; del Laboratorio de Gen\u00e9tica Molecular,&nbsp;el segundo en el pa\u00eds en sede judicial y que brinda servicios gratuitos, adem\u00e1s de un m\u00f3dulo de&nbsp;Justicia Alternativa en materia laboral.&nbsp;<\/p>\n\n\n\n<p>Por otra parte, se implement\u00f3 el&nbsp;Centro de Informaci\u00f3n de Justicia Ind\u00edgena (CIJI)&nbsp;que&nbsp;re\u00fane en una misma plataforma digital informaci\u00f3n de sistemas normativos ind\u00edgenas en distintas comunidades de&nbsp;Oaxaca&nbsp;y&nbsp;actualmente se lleva a cabo un programa de pavimentaci\u00f3n y mejoramiento de las vialidades de los Centros de Justicia.&nbsp;<\/p>\n\n\n\n<p>El magistrado presidente Eduardo Pinacho S\u00e1nchez afirm\u00f3 que la instituci\u00f3n se encuentra en un&nbsp;proceso de transformaci\u00f3n para incorporarlo a una realidad en la que se requieren de mayores elementos y mejores condiciones encaminadas a cumplir con las aspiraciones de justicia justificadas de la sociedad.<\/p>\n","protected":false},"excerpt":{"rendered":"<p>Redacci\u00f3n\/Zona Roja. Oaxaca de Ju\u00e1rez, Oax., a 5 de agosto de 2023.- Los plenos del&nbsp;Tribunal&hellip;<\/p>\n","protected":false},"author":2,"featured_media":58390,"comment_status":"closed","ping_status":"open","sticky":false,"template":"","format":"standard","meta":{"_lmt_disableupdate":"","_lmt_disable":"","_jetpack_memberships_contains_paid_content":false,"footnotes":""},"categories":[109,46],"tags":[223],"class_list":["post-58393","post","type-post","status-publish","format-standard","has-post-thumbnail","hentry","category-minuto-a-minuto","category-zona-blanca","tag-poder-judicial-de-oaxaca"],"jetpack_featured_media_url":"https:\/\/zonaroja.com.mx\/wp-content\/uploads\/2023\/08\/El-Magistrado-Presidente-realizo-la-declaratoria-de-apertura-de-los-trabajos.jpg","jetpack_sharing_enabled":true,"_links":{"self":[{"href":"https:\/\/zonaroja.com.mx\/index.php?rest_route=\/wp\/v2\/posts\/58393","targetHints":{"allow":["GET"]}}],"collection":[{"href":"https:\/\/zonaroja.com.mx\/index.php?rest_route=\/wp\/v2\/posts"}],"about":[{"href":"https:\/\/zonaroja.com.mx\/index.php?rest_route=\/wp\/v2\/types\/post"}],"author":[{"embeddable":true,"href":"https:\/\/zonaroja.com.mx\/index.php?rest_route=\/wp\/v2\/users\/2"}],"replies":[{"embeddable":true,"href":"https:\/\/zonaroja.com.mx\/index.php?rest_route=%2Fwp%2Fv2%2Fcomments&post=58393"}],"version-history":[{"count":1,"href":"https:\/\/zonaroja.com.mx\/index.php?rest_route=\/wp\/v2\/posts\/58393\/revisions"}],"predecessor-version":[{"id":58394,"href":"https:\/\/zonaroja.com.mx\/index.php?rest_route=\/wp\/v2\/posts\/58393\/revisions\/58394"}],"wp:featuredmedia":[{"embeddable":true,"href":"https:\/\/zonaroja.com.mx\/index.php?rest_route=\/wp\/v2\/media\/58390"}],"wp:attachment":[{"href":"https:\/\/zonaroja.com.mx\/index.php?rest_route=%2Fwp%2Fv2%2Fmedia&parent=58393"}],"wp:term":[{"taxonomy":"category","embeddable":true,"href":"https:\/\/zonaroja.com.mx\/index.php?rest_route=%2Fwp%2Fv2%2Fcategories&post=58393"},{"taxonomy":"post_tag","embeddable":true,"href":"https:\/\/zonaroja.com.mx\/index.php?rest_route=%2Fwp%2Fv2%2Ftags&post=58393"}],"curies":[{"name":"wp","href":"https:\/\/api.w.org\/{rel}","templated":true}]}}