{"id":58395,"date":"2023-08-05T08:08:00","date_gmt":"2023-08-05T13:08:00","guid":{"rendered":"http:\/\/www.zonaroja.com.mx\/?p=58395"},"modified":"2023-08-05T08:08:02","modified_gmt":"2023-08-05T13:08:02","slug":"en-america-latina-solo-4-de-cada-10-bebes-son-amamantados-con-leche-materna","status":"publish","type":"post","link":"https:\/\/zonaroja.com.mx\/?p=58395","title":{"rendered":"En Am\u00e9rica Latina, s\u00f3lo 4 de cada 10 beb\u00e9s son amamantados con leche materna"},"content":{"rendered":"\n<p>Redacci\u00f3n\/Zona Roja Cdmx.<\/p>\n\n\n\n<p>Ciudad de M\u00e9xico, a 5 de agosto de 2023.- El Fondo de las Naciones Unidas para la Infancia (Unicef) alert\u00f3 que en Am\u00e9rica Latina y el Caribe s\u00f3lo cuatro de cada 10 beb\u00e9s menores de seis meses, o el 43 por ciento del total, son alimentados exclusivamente con leche materna, y urgi\u00f3 a los Gobiernos y a las empresas a garantizar la lactancia materna en los lugares de trabajo.<\/p>\n\n\n\n<p>Adem\u00e1s, seg\u00fan revel\u00f3 Unicef en un comunicado, \u00fanicamente el 48 por ciento de ni\u00f1os y ni\u00f1as entre los 12 y 23 meses de vida recibe lactancia materna en la regi\u00f3n, frente a la media mundial del 65 por ciento.<\/p>\n\n\n\n<p>\u201cDesafortunadamente, en Am\u00e9rica Latina y el Caribe, la mayor\u00eda de los beb\u00e9s menores de seis meses no son amamantados exclusivamente\u201d, afirm\u00f3 el director regional de Unicef, Garry Conille, que lament\u00f3 que debido a esto no lograr\u00e1n \u201cprevenir la malnutrici\u00f3n en todas sus formas, as\u00ed como fomentar el bienestar de la infancia\u201d.<\/p>\n\n\n\n<p>\u201cSiguiendo por este camino, no alcanzaremos la meta de los objetivos de desarrollo sostenible que pretenden lograr el 70 % de lactancia materna exclusiva en 2030\u201d, subray\u00f3.<\/p>\n\n\n\n<p>Para Unicef son varias las causas que obstaculizan esta pr\u00e1ctica en la regi\u00f3n, siendo una de ellas la dificultad de hacer compatible la lactancia y la vida laboral.<\/p>\n\n\n\n<p>Tambi\u00e9n identifica que las pol\u00edticas de apoyo y cuidado a las familias en la regi\u00f3n no brindan el soporte necesario para las madres en etapa de lactancia.<\/p>\n\n\n\n<p>Un estudio de Unicef se\u00f1ala que solo 14 pa\u00edses de Am\u00e9rica Latina y el Caribe garantizan el m\u00ednimo de 14 semanas de licencia de maternidad recomendadas por la Organizaci\u00f3n Internacional del Trabajo (OIT), y \u00fanicamente en seis pa\u00edses que alcanzan las 18 semanas.<\/p>\n\n\n\n<p>RETOS EN SECTOR PRIVADO<\/p>\n\n\n\n<p>Revela adem\u00e1s que los retos para que las madres amamanten a sus beb\u00e9s tambi\u00e9n se evidencian en el sector privado.<\/p>\n\n\n\n<p>As\u00ed una encuesta realizada por Unicef y Deloitte, dirigida a 305 empresas en la regi\u00f3n, en promedio, demuestra que los empleadores ofrecen 13 semanas de maternidad remunerada a las trabajadoras a tiempo completo.<\/p>\n\n\n\n<p>Con respecto a la licencia de paternidad, este an\u00e1lisis revela que las grandes empresas garantizan en promedio 11 d\u00edas, mientras que las peque\u00f1as y medianas (pymes) otorgan alrededor de 9 d\u00edas.<\/p>\n\n\n\n<p>El 68 por ciento de las grandes empresas tienen salas de lactancia materna para uso de las madres lactantes, mientras que de las pymes consultadas s\u00f3lo el 29 por ciento cuenta con instalaciones de este tipo.<\/p>\n\n\n\n<p>Adem\u00e1s de su importancia para la salud, Unicef considera que la lactancia materna tiene un impacto econ\u00f3mico significativo, y cita estimaciones que indican que \u201cpor cada d\u00f3lar invertido en la promoci\u00f3n, protecci\u00f3n y el apoyo a la lactancia materna, se generan 35 d\u00f3lares en beneficios econ\u00f3micos a largo plazo\u201d.<\/p>\n\n\n\n<p>\u201cINVERSI\u00d3N INTELIGENTE\u201d<\/p>\n\n\n\n<p>Esta \u201cinversi\u00f3n inteligente\u201d, seg\u00fan Unicef, reducir\u00eda la carga econ\u00f3mica para los sistemas de salud a trav\u00e9s de la disminuci\u00f3n en enfermedades de la infancia como diarrea y neumon\u00eda.<\/p>\n\n\n\n<p>\u201cLa lactancia materna es clave para la salud y el desarrollo de la infancia y de las madres\u201d, afirm\u00f3 Conille.<\/p>\n\n\n\n<p>En ese sentido, y con ocasi\u00f3n de la Semana Mundial de la Lactancia Materna, Unicef reiter\u00f3 su llamado a que los Gobiernos, instituciones p\u00fablicas y el sector privado garanticen, entre otros puntos, un entorno de apoyo a la lactancia materna para todas las madres con trabajo remunerado, incluyendo aquellas en el sector informal o con contratos temporales.<\/p>\n\n\n\n<p>Seg\u00fan Unicef, se trata de \u201ccuestiones urgentes\u201d para garantizar que las mujeres puedan amamantar durante todo el tiempo que deseen hacerlo, ya que \u201cm\u00e1s de 500 millones de mujeres trabajadoras carecen de disposiciones b\u00e1sicas en materia de maternidad; muchas m\u00e1s se encuentran sin apoyo cuando vuelven al trabajo\u201d.<\/p>\n\n\n\n<p>(Con informaci\u00f3n de EFE, en L\u00f3pez-D\u00f3riga Digital)<\/p>\n","protected":false},"excerpt":{"rendered":"<p>Redacci\u00f3n\/Zona Roja Cdmx. Ciudad de M\u00e9xico, a 5 de agosto de 2023.- El Fondo de&hellip;<\/p>\n","protected":false},"author":2,"featured_media":58396,"comment_status":"closed","ping_status":"open","sticky":false,"template":"","format":"standard","meta":{"_lmt_disableupdate":"","_lmt_disable":"","_jetpack_memberships_contains_paid_content":false,"footnotes":""},"categories":[1],"tags":[],"class_list":["post-58395","post","type-post","status-publish","format-standard","has-post-thumbnail","hentry","category-sin-categoria"],"jetpack_featured_media_url":"https:\/\/zonaroja.com.mx\/wp-content\/uploads\/2023\/08\/Tetada-lactancia-amamantar.jpeg","jetpack_sharing_enabled":true,"_links":{"self":[{"href":"https:\/\/zonaroja.com.mx\/index.php?rest_route=\/wp\/v2\/posts\/58395","targetHints":{"allow":["GET"]}}],"collection":[{"href":"https:\/\/zonaroja.com.mx\/index.php?rest_route=\/wp\/v2\/posts"}],"about":[{"href":"https:\/\/zonaroja.com.mx\/index.php?rest_route=\/wp\/v2\/types\/post"}],"author":[{"embeddable":true,"href":"https:\/\/zonaroja.com.mx\/index.php?rest_route=\/wp\/v2\/users\/2"}],"replies":[{"embeddable":true,"href":"https:\/\/zonaroja.com.mx\/index.php?rest_route=%2Fwp%2Fv2%2Fcomments&post=58395"}],"version-history":[{"count":1,"href":"https:\/\/zonaroja.com.mx\/index.php?rest_route=\/wp\/v2\/posts\/58395\/revisions"}],"predecessor-version":[{"id":58397,"href":"https:\/\/zonaroja.com.mx\/index.php?rest_route=\/wp\/v2\/posts\/58395\/revisions\/58397"}],"wp:featuredmedia":[{"embeddable":true,"href":"https:\/\/zonaroja.com.mx\/index.php?rest_route=\/wp\/v2\/media\/58396"}],"wp:attachment":[{"href":"https:\/\/zonaroja.com.mx\/index.php?rest_route=%2Fwp%2Fv2%2Fmedia&parent=58395"}],"wp:term":[{"taxonomy":"category","embeddable":true,"href":"https:\/\/zonaroja.com.mx\/index.php?rest_route=%2Fwp%2Fv2%2Fcategories&post=58395"},{"taxonomy":"post_tag","embeddable":true,"href":"https:\/\/zonaroja.com.mx\/index.php?rest_route=%2Fwp%2Fv2%2Ftags&post=58395"}],"curies":[{"name":"wp","href":"https:\/\/api.w.org\/{rel}","templated":true}]}}