{"id":58398,"date":"2023-08-05T13:00:00","date_gmt":"2023-08-05T18:00:00","guid":{"rendered":"http:\/\/www.zonaroja.com.mx\/?p=58398"},"modified":"2023-08-05T08:18:01","modified_gmt":"2023-08-05T13:18:01","slug":"otro-valor-oaxaqueno-de-talla-internacional-conquista-ciclista-podium-en-europa","status":"publish","type":"post","link":"https:\/\/zonaroja.com.mx\/?p=58398","title":{"rendered":"Otro valor oaxaque\u00f1o de talla internacional: conquista ciclista p\u00f3dium en Europa"},"content":{"rendered":"\n<p>Yuridiana Sosa\/Zona Roja.<\/p>\n\n\n\n<p>Oaxaca de Ju\u00e1rez, Oax., a 3 de agosto de 2023.- El joven ciclista oaxaque\u00f1o, originario de Juchit\u00e1n de Zaragoza, Mois\u00e9s Cruz Cabrera, conquist\u00f3 el p\u00f3dium en la competencia Tour Valonia 2023, de B\u00e9lgica, al colgarse la medalla de plata en la categor\u00eda juvenil B.<\/p>\n\n\n\n<p>Con el n\u00famero 33 sobre su espalda, el oaxaque\u00f1o logr\u00f3 su primer p\u00f3dium en el viejo continente para poner en alto el nombre de su entidad y de M\u00e9xico. \u201cMuy contento todo el equipo por los resultados de hoy y lo compartimos con mucho cari\u00f1o, hasta Juchit\u00e1n de Zaragoza, Oaxaca, M\u00e9xico\u201d, cit\u00f3 el medallista.<\/p>\n\n\n\n<p>El competidor de 15 a\u00f1os de edad, quien forma parte del equipo Java Start Junior, comparti\u00f3 su proceso en ascenso durante la carrera que se desarroll\u00f3 por varios d\u00edas, entre el 21 y 23 de julio.<\/p>\n\n\n\n<p>\u201cComparto con mucha alegr\u00eda que en la octava competencia de 15 que tenemos en el viejo continente logr\u00e9 terminar en la onceava posici\u00f3n y adem\u00e1s gan\u00e9 el primer lugar en la meta intermedia, ganando con esto mis primeros 10 Euros en Westrozebeke, Belgica\u201d, escribi\u00f3 el pedalista.<\/p>\n\n\n\n<p>Cruz Cabrera es un competidor de alto rendimiento que ha sido 16 veces campe\u00f3n nacional en M\u00e9xico, en competencias de pista y contra reloj, y que ante su m\u00e1s reciente triunfo se compromete a seguir dando lo mejor de su parte, tanto para romper metas personales como poner el alto el nombre de Oaxaca y M\u00e9xico.<\/p>\n\n\n\n<p>El joven inici\u00f3 su vida sobre una bicicleta de competencia desde los seis a\u00f1os, como parte de un gusto nato por el ciclismo, adem\u00e1s que fue creciendo acompa\u00f1ando a su abuelo paterno y su padre a rodar en bicicleta desde sus primeros a\u00f1os de vida.<\/p>\n","protected":false},"excerpt":{"rendered":"<p>Yuridiana Sosa\/Zona Roja. Oaxaca de Ju\u00e1rez, Oax., a 3 de agosto de 2023.- El joven&hellip;<\/p>\n","protected":false},"author":2,"featured_media":58399,"comment_status":"closed","ping_status":"open","sticky":false,"template":"","format":"standard","meta":{"_lmt_disableupdate":"","_lmt_disable":"","_jetpack_memberships_contains_paid_content":false,"footnotes":""},"categories":[109,46],"tags":[3637],"class_list":["post-58398","post","type-post","status-publish","format-standard","has-post-thumbnail","hentry","category-minuto-a-minuto","category-zona-blanca","tag-ciclista-moises-cruz-cabrera"],"jetpack_featured_media_url":"https:\/\/zonaroja.com.mx\/wp-content\/uploads\/2023\/08\/Ciclista-Moises-Cruz-Cabrera.png","jetpack_sharing_enabled":true,"_links":{"self":[{"href":"https:\/\/zonaroja.com.mx\/index.php?rest_route=\/wp\/v2\/posts\/58398","targetHints":{"allow":["GET"]}}],"collection":[{"href":"https:\/\/zonaroja.com.mx\/index.php?rest_route=\/wp\/v2\/posts"}],"about":[{"href":"https:\/\/zonaroja.com.mx\/index.php?rest_route=\/wp\/v2\/types\/post"}],"author":[{"embeddable":true,"href":"https:\/\/zonaroja.com.mx\/index.php?rest_route=\/wp\/v2\/users\/2"}],"replies":[{"embeddable":true,"href":"https:\/\/zonaroja.com.mx\/index.php?rest_route=%2Fwp%2Fv2%2Fcomments&post=58398"}],"version-history":[{"count":1,"href":"https:\/\/zonaroja.com.mx\/index.php?rest_route=\/wp\/v2\/posts\/58398\/revisions"}],"predecessor-version":[{"id":58400,"href":"https:\/\/zonaroja.com.mx\/index.php?rest_route=\/wp\/v2\/posts\/58398\/revisions\/58400"}],"wp:featuredmedia":[{"embeddable":true,"href":"https:\/\/zonaroja.com.mx\/index.php?rest_route=\/wp\/v2\/media\/58399"}],"wp:attachment":[{"href":"https:\/\/zonaroja.com.mx\/index.php?rest_route=%2Fwp%2Fv2%2Fmedia&parent=58398"}],"wp:term":[{"taxonomy":"category","embeddable":true,"href":"https:\/\/zonaroja.com.mx\/index.php?rest_route=%2Fwp%2Fv2%2Fcategories&post=58398"},{"taxonomy":"post_tag","embeddable":true,"href":"https:\/\/zonaroja.com.mx\/index.php?rest_route=%2Fwp%2Fv2%2Ftags&post=58398"}],"curies":[{"name":"wp","href":"https:\/\/api.w.org\/{rel}","templated":true}]}}