{"id":5840,"date":"2019-11-18T07:18:13","date_gmt":"2019-11-18T13:18:13","guid":{"rendered":"http:\/\/www.zonaroja.com.mx\/?p=5840"},"modified":"2019-11-18T07:18:17","modified_gmt":"2019-11-18T13:18:17","slug":"su-hijastro-habria-matado-a-la-maestra-en-desfile-en-torreon","status":"publish","type":"post","link":"https:\/\/zonaroja.com.mx\/?p=5840","title":{"rendered":"Su hijastro habr\u00eda matado a la maestra en desfile en Torre\u00f3n"},"content":{"rendered":"\n<p>Redacci\u00f3n\/Zona Roja Cdmx.<\/p>\n\n\n\n<p>Ciudad de M\u00e9xico, 18 de noviembre de\n2019.- La Fiscal\u00eda General de Coahuila ubic\u00f3 y captur\u00f3 a un hombre como\npresunto autor intelectual del asesinato de la maestra Juana Mireya Fern\u00e1ndez\nMart\u00ednez, durante el desfile por el inicio de la Revoluci\u00f3n Mexicana en la\nciudad de Torre\u00f3n.<\/p>\n\n\n\n<p>De acuerdo con la informaci\u00f3n que\ndifundi\u00f3 el Gobierno del Estado, el hijastro fue quien pag\u00f3 a otra persona para\nque asesinara a la maestra del Cetis 83 de Torre\u00f3n.<\/p>\n\n\n\n<p>\u201cSalvador &#8216;N&#8217; fue detenido como\npresunto autor intelectual del crimen de la mujer, de 50 a\u00f1os de edad,\nregistrado cerca de las 10:45 horas de este domingo en la colonia Centro, en\nesta ciudad\u00bb, inform\u00f3 el gobierno de Coahuila.<\/p>\n\n\n\n<p>Los primeros elementos de prueba,\ntestimoniales y confesiones apuntan a que Salvador &#8216;N&#8217; pag\u00f3 cierta cantidad de\ndinero a una tercera persona para privar de la vida a la maestra, quien era\nesposa de su padre, dijo.<\/p>\n\n\n\n<p>El comunicado oficial se\u00f1ala la\nposibilidad de que se detenga pronto al autor material de la agresi\u00f3n armada\nque termin\u00f3 con la vida de la docente.<\/p>\n\n\n\n<p>Por la ma\u00f1ana de ayer, un hombre\nasesin\u00f3 a la maestra a un costado de la Alameda, donde se preparaban los\ncontingentes para el desfile de la Revoluci\u00f3n, que inici\u00f3 a las 9:00 horas y se\nsuspendi\u00f3 ante el p\u00e1nico que gener\u00f3 la agresi\u00f3n.<\/p>\n\n\n\n<p>La tarde de este domingo, el Gobernador\nMiguel \u00c1ngel Riquelme inform\u00f3 sobre el avance de las investigaciones.<\/p>\n\n\n\n<p>En las pr\u00f3ximas horas quedar\u00e1\nesclarecido el lamentable incidente en que perdi\u00f3 la vida la maestra en\nTorre\u00f3n\u00bb, escribi\u00f3 en Twitter.<\/p>\n\n\n\n<p>\u201cLos hechos tienen que ver con el\nentorno familiar, as\u00ed lo indican las investigaciones preliminares de la\nFiscal\u00eda General del Estado\u00bb, detall\u00f3.<\/p>\n","protected":false},"excerpt":{"rendered":"<p>Redacci\u00f3n\/Zona Roja Cdmx. Ciudad de M\u00e9xico, 18 de noviembre de 2019.- La Fiscal\u00eda General de&hellip;<\/p>\n","protected":false},"author":2,"featured_media":5841,"comment_status":"closed","ping_status":"open","sticky":false,"template":"","format":"standard","meta":{"_lmt_disableupdate":"","_lmt_disable":"","_jetpack_memberships_contains_paid_content":false,"footnotes":""},"categories":[109,51],"tags":[1023],"class_list":["post-5840","post","type-post","status-publish","format-standard","has-post-thumbnail","hentry","category-minuto-a-minuto","category-zona-roja","tag-maestra-torreon"],"jetpack_featured_media_url":"https:\/\/zonaroja.com.mx\/wp-content\/uploads\/2019\/11\/Maestra-Torre\u00f3n.jpeg","jetpack_sharing_enabled":true,"_links":{"self":[{"href":"https:\/\/zonaroja.com.mx\/index.php?rest_route=\/wp\/v2\/posts\/5840","targetHints":{"allow":["GET"]}}],"collection":[{"href":"https:\/\/zonaroja.com.mx\/index.php?rest_route=\/wp\/v2\/posts"}],"about":[{"href":"https:\/\/zonaroja.com.mx\/index.php?rest_route=\/wp\/v2\/types\/post"}],"author":[{"embeddable":true,"href":"https:\/\/zonaroja.com.mx\/index.php?rest_route=\/wp\/v2\/users\/2"}],"replies":[{"embeddable":true,"href":"https:\/\/zonaroja.com.mx\/index.php?rest_route=%2Fwp%2Fv2%2Fcomments&post=5840"}],"version-history":[{"count":1,"href":"https:\/\/zonaroja.com.mx\/index.php?rest_route=\/wp\/v2\/posts\/5840\/revisions"}],"predecessor-version":[{"id":5842,"href":"https:\/\/zonaroja.com.mx\/index.php?rest_route=\/wp\/v2\/posts\/5840\/revisions\/5842"}],"wp:featuredmedia":[{"embeddable":true,"href":"https:\/\/zonaroja.com.mx\/index.php?rest_route=\/wp\/v2\/media\/5841"}],"wp:attachment":[{"href":"https:\/\/zonaroja.com.mx\/index.php?rest_route=%2Fwp%2Fv2%2Fmedia&parent=5840"}],"wp:term":[{"taxonomy":"category","embeddable":true,"href":"https:\/\/zonaroja.com.mx\/index.php?rest_route=%2Fwp%2Fv2%2Fcategories&post=5840"},{"taxonomy":"post_tag","embeddable":true,"href":"https:\/\/zonaroja.com.mx\/index.php?rest_route=%2Fwp%2Fv2%2Ftags&post=5840"}],"curies":[{"name":"wp","href":"https:\/\/api.w.org\/{rel}","templated":true}]}}