{"id":58403,"date":"2023-08-05T15:00:00","date_gmt":"2023-08-05T20:00:00","guid":{"rendered":"http:\/\/www.zonaroja.com.mx\/?p=58403"},"modified":"2023-08-05T08:21:55","modified_gmt":"2023-08-05T13:21:55","slug":"corte-ratifica-destitucion-de-magistrado-vinculado-al-cartel-jalisco","status":"publish","type":"post","link":"https:\/\/zonaroja.com.mx\/?p=58403","title":{"rendered":"Corte ratifica destituci\u00f3n de magistrado vinculado al C\u00e1rtel Jalisco"},"content":{"rendered":"\n<p>Redacci\u00f3n\/Zona Roja Cdmx.<\/p>\n\n\n\n<p>Ciudad de M\u00e9xico, a 5 de agosto de 2023.- La Suprema Corte de Justicia de la Naci\u00f3n (SCJN) confirm\u00f3 la destituci\u00f3n del magistrado Isidro Avelar Guti\u00e9rrez, a quien en 2019 el Departamento del Tesoro de Estados Unidos identific\u00f3 como colaborador del C\u00e1rtel Jalisco Nueva Generaci\u00f3n (CJNG).<\/p>\n\n\n\n<p>En noviembre de ese a\u00f1o, agentes de la Fiscal\u00eda General de la Rep\u00fablica (FGR) detuvieron en Guadalajara, Jalisco, al magistrado Avelar Guti\u00e9rrez.<\/p>\n\n\n\n<p>El Consejo de la Judicatura Federal (CJF) lo suspendi\u00f3 del cargo por seis meses ante la acusaci\u00f3n de enriquecimiento il\u00edcito por \u201cirregularidades patrimoniales e ingresos adicionales\u201d cuando se desempe\u00f1aba como magistrado en Jalisco de 2011.<\/p>\n\n\n\n<p>Los ministros de la Corte desecharon revisar la destituci\u00f3n de Isidro Avelar, quien fue juzgado en nuestro pa\u00eds por enriquecimiento il\u00edcito, pero fue absuelto de esa acusaci\u00f3n por un juez federal, seg\u00fan se public\u00f3 en estrados electr\u00f3nicos de la Corte.<\/p>\n\n\n\n<p>\u201cEsta tarde fue detenido por Agentes de la Fiscal\u00eda General de la Rep\u00fablica (FGR9 el Magistrado Isidro Avelar Guti\u00e9rrez en la Ciudad de Guadalajara y est\u00e1 siendo trasladado a la Ciudad de M\u00e9xico\u201d, inform\u00f3 el CJF el 22 de noviembre del 2019.<\/p>\n\n\n\n<p>Mediante un comunicado, ratific\u00f3 su pol\u00edtica de cero tolerancia a la corrupci\u00f3n y enfatiz\u00f3 que \u201ccon acciones, no discursos, el CJF avanza en el compromiso de hacer de Poder Judicial de la Federaci\u00f3n una instituci\u00f3n s\u00f3lida y confiable para la poblaci\u00f3n\u201d.<\/p>\n\n\n\n<p>Informaci\u00f3n de \u201cExpansi\u00f3n Pol\u00edtica\u201d)<\/p>\n","protected":false},"excerpt":{"rendered":"<p>Redacci\u00f3n\/Zona Roja Cdmx. Ciudad de M\u00e9xico, a 5 de agosto de 2023.- La Suprema Corte&hellip;<\/p>\n","protected":false},"author":2,"featured_media":58404,"comment_status":"closed","ping_status":"open","sticky":false,"template":"","format":"standard","meta":{"_lmt_disableupdate":"","_lmt_disable":"","_jetpack_memberships_contains_paid_content":false,"footnotes":""},"categories":[109,47],"tags":[3638],"class_list":["post-58403","post","type-post","status-publish","format-standard","has-post-thumbnail","hentry","category-minuto-a-minuto","category-zona-gris","tag-isidro-avelar-gutierrez"],"jetpack_featured_media_url":"https:\/\/zonaroja.com.mx\/wp-content\/uploads\/2023\/08\/Juez-Isidro-Avelar-Gutierrez.jpeg","jetpack_sharing_enabled":true,"_links":{"self":[{"href":"https:\/\/zonaroja.com.mx\/index.php?rest_route=\/wp\/v2\/posts\/58403","targetHints":{"allow":["GET"]}}],"collection":[{"href":"https:\/\/zonaroja.com.mx\/index.php?rest_route=\/wp\/v2\/posts"}],"about":[{"href":"https:\/\/zonaroja.com.mx\/index.php?rest_route=\/wp\/v2\/types\/post"}],"author":[{"embeddable":true,"href":"https:\/\/zonaroja.com.mx\/index.php?rest_route=\/wp\/v2\/users\/2"}],"replies":[{"embeddable":true,"href":"https:\/\/zonaroja.com.mx\/index.php?rest_route=%2Fwp%2Fv2%2Fcomments&post=58403"}],"version-history":[{"count":1,"href":"https:\/\/zonaroja.com.mx\/index.php?rest_route=\/wp\/v2\/posts\/58403\/revisions"}],"predecessor-version":[{"id":58405,"href":"https:\/\/zonaroja.com.mx\/index.php?rest_route=\/wp\/v2\/posts\/58403\/revisions\/58405"}],"wp:featuredmedia":[{"embeddable":true,"href":"https:\/\/zonaroja.com.mx\/index.php?rest_route=\/wp\/v2\/media\/58404"}],"wp:attachment":[{"href":"https:\/\/zonaroja.com.mx\/index.php?rest_route=%2Fwp%2Fv2%2Fmedia&parent=58403"}],"wp:term":[{"taxonomy":"category","embeddable":true,"href":"https:\/\/zonaroja.com.mx\/index.php?rest_route=%2Fwp%2Fv2%2Fcategories&post=58403"},{"taxonomy":"post_tag","embeddable":true,"href":"https:\/\/zonaroja.com.mx\/index.php?rest_route=%2Fwp%2Fv2%2Ftags&post=58403"}],"curies":[{"name":"wp","href":"https:\/\/api.w.org\/{rel}","templated":true}]}}