{"id":58411,"date":"2023-08-05T08:47:40","date_gmt":"2023-08-05T13:47:40","guid":{"rendered":"http:\/\/www.zonaroja.com.mx\/?p=58411"},"modified":"2023-08-05T08:47:45","modified_gmt":"2023-08-05T13:47:45","slug":"ejecutan-a-individuo-en-pinotepa-presunto-asalto-a-tesorero-municipal","status":"publish","type":"post","link":"https:\/\/zonaroja.com.mx\/?p=58411","title":{"rendered":"Ejecutan a individuo en Pinotepa; presunto asalto a tesorero municipal"},"content":{"rendered":"\n<p>Redacci\u00f3n\/Zona Roja.<\/p>\n\n\n\n<p>Oaxaca de Ju\u00e1rez, Oax., a 5 de agosto de 2023.- Un joven fue asesinado a balazos anoche en Mancuernas, localidad perteneciente al municipio de Santiago Pinotepa Nacional.<\/p>\n\n\n\n<p>El crimen ocurri\u00f3 aproximadamente a las 19:00 horas en la calle Chapultepec, donde tras una presunta discusi\u00f3n, un sujeto sac\u00f3 un arma y dispar\u00f3 en contra del hombre identificado como J. G. A., de 21 a\u00f1os de edad.<\/p>\n\n\n\n<p>Personal policiaco y param\u00e9dico arrib\u00f3 al domicilio y corrobor\u00f3 que el hombre ya no contaba con signos vitales; en tanto, la Vicefiscal\u00eda Regional de la Costa inici\u00f3 las indagatorias correspondientes.<\/p>\n\n\n\n<p>SUPUESTO ASALTO<\/p>\n\n\n\n<p>Por otra parte, Ovidio Barenca, tesorero de San Pedro Huamelula, municipio de la regi\u00f3n Istmo de Oaxaca, denunci\u00f3 haber sido v\u00edctima de un asalto, lo cual es investigado por las autoridades ministeriales.<\/p>\n\n\n\n<p>Seg\u00fan su versi\u00f3n, acudi\u00f3 a retirar dinero a un cajero en el centro de Santo Domingo Tehuantepec, tras lo cual se retir\u00f3.<\/p>\n\n\n\n<p>Pero en una parada para comprar algunos productos en una tienda de autoservicio, sobre la carretera de cuatro a la altura del Barrio Vixhana, supuestamente lo asaltaron y le quitaron alrededor de 200 mil pesos.<\/p>\n\n\n\n<p>Tras ello acudi\u00f3 a interponer su denuncia ante el Ministerio P\u00fablico; sin embargo, en la poblaci\u00f3n de Huamelula dudan de que haya ocurrido el asalto, por lo cual exigen una investigaci\u00f3n a fondo.<\/p>\n","protected":false},"excerpt":{"rendered":"<p>Redacci\u00f3n\/Zona Roja. Oaxaca de Ju\u00e1rez, Oax., a 5 de agosto de 2023.- Un joven fue&hellip;<\/p>\n","protected":false},"author":2,"featured_media":50335,"comment_status":"closed","ping_status":"open","sticky":false,"template":"","format":"standard","meta":{"_lmt_disableupdate":"","_lmt_disable":"","_jetpack_memberships_contains_paid_content":false,"footnotes":""},"categories":[109,51],"tags":[916],"class_list":["post-58411","post","type-post","status-publish","format-standard","has-post-thumbnail","hentry","category-minuto-a-minuto","category-zona-roja","tag-pinotepa-nacional"],"jetpack_featured_media_url":"https:\/\/zonaroja.com.mx\/wp-content\/uploads\/2023\/01\/Balazos-violencia-casquillos-escena.jpeg","jetpack_sharing_enabled":true,"_links":{"self":[{"href":"https:\/\/zonaroja.com.mx\/index.php?rest_route=\/wp\/v2\/posts\/58411","targetHints":{"allow":["GET"]}}],"collection":[{"href":"https:\/\/zonaroja.com.mx\/index.php?rest_route=\/wp\/v2\/posts"}],"about":[{"href":"https:\/\/zonaroja.com.mx\/index.php?rest_route=\/wp\/v2\/types\/post"}],"author":[{"embeddable":true,"href":"https:\/\/zonaroja.com.mx\/index.php?rest_route=\/wp\/v2\/users\/2"}],"replies":[{"embeddable":true,"href":"https:\/\/zonaroja.com.mx\/index.php?rest_route=%2Fwp%2Fv2%2Fcomments&post=58411"}],"version-history":[{"count":1,"href":"https:\/\/zonaroja.com.mx\/index.php?rest_route=\/wp\/v2\/posts\/58411\/revisions"}],"predecessor-version":[{"id":58412,"href":"https:\/\/zonaroja.com.mx\/index.php?rest_route=\/wp\/v2\/posts\/58411\/revisions\/58412"}],"wp:featuredmedia":[{"embeddable":true,"href":"https:\/\/zonaroja.com.mx\/index.php?rest_route=\/wp\/v2\/media\/50335"}],"wp:attachment":[{"href":"https:\/\/zonaroja.com.mx\/index.php?rest_route=%2Fwp%2Fv2%2Fmedia&parent=58411"}],"wp:term":[{"taxonomy":"category","embeddable":true,"href":"https:\/\/zonaroja.com.mx\/index.php?rest_route=%2Fwp%2Fv2%2Fcategories&post=58411"},{"taxonomy":"post_tag","embeddable":true,"href":"https:\/\/zonaroja.com.mx\/index.php?rest_route=%2Fwp%2Fv2%2Ftags&post=58411"}],"curies":[{"name":"wp","href":"https:\/\/api.w.org\/{rel}","templated":true}]}}