{"id":58413,"date":"2023-08-05T09:57:00","date_gmt":"2023-08-05T14:57:00","guid":{"rendered":"http:\/\/www.zonaroja.com.mx\/?p=58413"},"modified":"2023-08-05T09:02:22","modified_gmt":"2023-08-05T14:02:22","slug":"megadecomiso-en-sonora-fgr-aseguro-tres-toneladas-de-metanfetamina","status":"publish","type":"post","link":"https:\/\/zonaroja.com.mx\/?p=58413","title":{"rendered":"Megadecomiso en Sonora: FGR asegur\u00f3 tres toneladas de metanfetamina"},"content":{"rendered":"\n<p>Redacci\u00f3n\/Zona Roja Cdmx.<\/p>\n\n\n\n<p>Ciudad de M\u00e9xico, a 5 de agosto de 2023.- Elementos de la Secretar\u00eda de la Defensa Nacional (Sedena) y de la Guardia Nacional (GN) lograron un megadecomiso de tres toneladas de metanfetamina en dos predios ubicados en Quiriego, Sonora.<\/p>\n\n\n\n<p>De acuerdo con la Fiscal\u00eda General de la Rep\u00fablica (FGR), al realizar vuelos de reconocimiento por parte de los elementos de la Sedena, tuvieron a la vista en dos terrenos, cerca de la presa \u201cJuan Maldonada\u201d en el ejido \u201cEl J\u00edncoro\u201d, un posible cargamento.<\/p>\n\n\n\n<p>Ante este avistamiento, seg\u00fan el Ministerio P\u00fablico de la Federaci\u00f3n (MPF), las fuerzas federales dieron parte a la FGR en Sonora para las diligencias correspondientes.<\/p>\n\n\n\n<p>\u201cCon el apoyo de elementos de la Polic\u00eda Federal Ministerial de la Agencia de Investigaci\u00f3n Criminal (AIC), Guardia Nacional (GN) y Sedena, as\u00ed como peritos adscritos a esta FGR y Fiscal\u00eda General de Justicia del Estado de Sonora con la especialidad de criminal\u00edstica de campo, qu\u00edmica forense y topograf\u00eda\u201d acudieron al lugar en donde lograron este decomiso.<\/p>\n\n\n\n<p>La FGR inform\u00f3 que en los dos predios se aseguraron \u201c100 tambos de 200 litros con diferentes sustancias, al parecer acetona, tolueno o alg\u00fan tipo de \u00e1cido, diversos costales con un peso aproximado de tres mil kilogramos de sustancia con caracter\u00edsticas propias de la metanfetamina\u201d.<\/p>\n\n\n\n<p>Adem\u00e1s de \u201cm\u00faltiples costales de sosa c\u00e1ustica, tanques de gas, cajas que conten\u00edan papel aluminio, bidones y bandejas distribuidas por todo el lugar, dos tractocamiones, un veh\u00edculo y bolsas de pl\u00e1stico con un polvo blanco parecido a la metanfetamina, entre otros objetos\u201d.<\/p>\n\n\n\n<p>El Ministerio P\u00fablico de la Federaci\u00f3n se\u00f1al\u00f3 que \u201ccontin\u00faa en la recolecci\u00f3n de indicios, dada la extensa superficie terrestre que ocupan los predios citados. Lo asegurado fue puesto a disposici\u00f3n de la FGR, quien continuar\u00e1 con la carpeta de investigaci\u00f3n correspondiente, por el delito de contra la salud y lo que resulte\u201d.<\/p>\n\n\n\n<p>\u201cLa Fiscal\u00eda General de la Rep\u00fablica, a trav\u00e9s de la Fiscal\u00eda Especializada de Control Regional (FECOR), en su Delegaci\u00f3n de Sonora, integra carpeta de investigaci\u00f3n en contra de quien o quienes resulten responsables, por un delito contra la salud, tras el aseguramiento\u201d, apunt\u00f3 el MPF en un comunicado.<\/p>\n\n\n\n<p>(Informaci\u00f3n de Infobae M\u00e9xico)<\/p>\n","protected":false},"excerpt":{"rendered":"<p>Redacci\u00f3n\/Zona Roja Cdmx. Ciudad de M\u00e9xico, a 5 de agosto de 2023.- Elementos de la&hellip;<\/p>\n","protected":false},"author":2,"featured_media":58414,"comment_status":"closed","ping_status":"open","sticky":false,"template":"","format":"standard","meta":{"_lmt_disableupdate":"","_lmt_disable":"","_jetpack_memberships_contains_paid_content":false,"footnotes":""},"categories":[109,46],"tags":[],"class_list":["post-58413","post","type-post","status-publish","format-standard","has-post-thumbnail","hentry","category-minuto-a-minuto","category-zona-blanca"],"jetpack_featured_media_url":"https:\/\/zonaroja.com.mx\/wp-content\/uploads\/2023\/08\/Decomiso-drogas-metanfetamina-Sonora.jpeg","jetpack_sharing_enabled":true,"_links":{"self":[{"href":"https:\/\/zonaroja.com.mx\/index.php?rest_route=\/wp\/v2\/posts\/58413","targetHints":{"allow":["GET"]}}],"collection":[{"href":"https:\/\/zonaroja.com.mx\/index.php?rest_route=\/wp\/v2\/posts"}],"about":[{"href":"https:\/\/zonaroja.com.mx\/index.php?rest_route=\/wp\/v2\/types\/post"}],"author":[{"embeddable":true,"href":"https:\/\/zonaroja.com.mx\/index.php?rest_route=\/wp\/v2\/users\/2"}],"replies":[{"embeddable":true,"href":"https:\/\/zonaroja.com.mx\/index.php?rest_route=%2Fwp%2Fv2%2Fcomments&post=58413"}],"version-history":[{"count":1,"href":"https:\/\/zonaroja.com.mx\/index.php?rest_route=\/wp\/v2\/posts\/58413\/revisions"}],"predecessor-version":[{"id":58415,"href":"https:\/\/zonaroja.com.mx\/index.php?rest_route=\/wp\/v2\/posts\/58413\/revisions\/58415"}],"wp:featuredmedia":[{"embeddable":true,"href":"https:\/\/zonaroja.com.mx\/index.php?rest_route=\/wp\/v2\/media\/58414"}],"wp:attachment":[{"href":"https:\/\/zonaroja.com.mx\/index.php?rest_route=%2Fwp%2Fv2%2Fmedia&parent=58413"}],"wp:term":[{"taxonomy":"category","embeddable":true,"href":"https:\/\/zonaroja.com.mx\/index.php?rest_route=%2Fwp%2Fv2%2Fcategories&post=58413"},{"taxonomy":"post_tag","embeddable":true,"href":"https:\/\/zonaroja.com.mx\/index.php?rest_route=%2Fwp%2Fv2%2Ftags&post=58413"}],"curies":[{"name":"wp","href":"https:\/\/api.w.org\/{rel}","templated":true}]}}