{"id":58419,"date":"2023-08-06T12:00:00","date_gmt":"2023-08-06T17:00:00","guid":{"rendered":"http:\/\/www.zonaroja.com.mx\/?p=58419"},"modified":"2023-08-06T12:46:27","modified_gmt":"2023-08-06T17:46:27","slug":"ola-de-accidentes-viales-dejan-al-menos-tres-muertos-en-oaxaca","status":"publish","type":"post","link":"https:\/\/zonaroja.com.mx\/?p=58419","title":{"rendered":"Ola de accidentes viales dejan al menos cuatro muertos en Oaxaca"},"content":{"rendered":"\n<p>Redacci\u00f3n\/Zona Roja.<\/p>\n\n\n\n<p>Oaxaca de Ju\u00e1rez, Oax., a 6 de agosto de 2023.- Al menos una decena de accidentes carreteros ocurrieron en el transcurso del fin de semana en carreteras del estado de Oaxaca, con saldo preliminar de unas cuatro personas fallecidas y una docena de lesionadas.<\/p>\n\n\n\n<p>Esta ma\u00f1ana en la carretera 190 a la regi\u00f3n del Istmo, tramo Tehuantepec-Juchit\u00e1n, muri\u00f3 un motaxista, tras el percance con un veh\u00edculo particular. <\/p>\n\n\n\n<p>El percance ocurri\u00f3 a la altura del paraje \u201cPepe y Lolita\u201d y la v\u00edctima a\u00fan no ha sido identificada; el conductor del coche huy\u00f3 y abandon\u00f3 su unidad. <\/p>\n\n\n\n<p>Otro reciente caso ocurri\u00f3 ayer por la tarde en el municipio de San Juan Bautista Tuxtepec, donde un motociclista presuntamente derrap\u00f3 sobre el bulevar Antonino Fern\u00e1ndez Arteaga.<\/p>\n\n\n\n<p>La v\u00edctima perdi\u00f3 la vida en el lugar, pese a las atenciones primarias de los param\u00e9dicos y hasta el momento no ha sido identificada.<\/p>\n\n\n\n<p>Mientras que la noche del viernes, en la carretera federal 190 Oaxaca-Istmo, en jurisdicci\u00f3n de Tlacolula de Matamoros, donde un individuo presuntamente derrap\u00f3 con su motocicleta y falleci\u00f3.<\/p>\n\n\n\n<p>Corporaciones policiacas y de param\u00e9dico arribaron al sitio para brindar los primeros auxilios, pero corroboraron que el joven, a\u00fan no identificado, ya no contaba con signos vitales.<\/p>\n\n\n\n<p>Un percance m\u00e1s ocurri\u00f3 en la carretera federal 175, Oaxaca-Puerto \u00c1ngel, en jurisdicci\u00f3n del municipio de Ejutla de Crespo, donde un veh\u00edculo particular se impact\u00f3 con una motocicleta.<\/p>\n\n\n\n<p>En el sitio qued\u00f3 sin vida un joven identificado como Henry F. B., de 28 a\u00f1os de edad, originario de Barrio La Estaci\u00f3n de Ejutla.<\/p>\n","protected":false},"excerpt":{"rendered":"<p>Redacci\u00f3n\/Zona Roja. Oaxaca de Ju\u00e1rez, Oax., a 6 de agosto de 2023.- Al menos una&hellip;<\/p>\n","protected":false},"author":2,"featured_media":58420,"comment_status":"closed","ping_status":"open","sticky":false,"template":"","format":"standard","meta":{"_lmt_disableupdate":"","_lmt_disable":"","_jetpack_memberships_contains_paid_content":false,"footnotes":""},"categories":[109,47],"tags":[3416],"class_list":["post-58419","post","type-post","status-publish","format-standard","has-post-thumbnail","hentry","category-minuto-a-minuto","category-zona-gris","tag-accidentes-carreteros-oaxaca"],"jetpack_featured_media_url":"https:\/\/zonaroja.com.mx\/wp-content\/uploads\/2023\/08\/Muertos-accidentes-carreteros-Oaxaca.jpg","jetpack_sharing_enabled":true,"_links":{"self":[{"href":"https:\/\/zonaroja.com.mx\/index.php?rest_route=\/wp\/v2\/posts\/58419","targetHints":{"allow":["GET"]}}],"collection":[{"href":"https:\/\/zonaroja.com.mx\/index.php?rest_route=\/wp\/v2\/posts"}],"about":[{"href":"https:\/\/zonaroja.com.mx\/index.php?rest_route=\/wp\/v2\/types\/post"}],"author":[{"embeddable":true,"href":"https:\/\/zonaroja.com.mx\/index.php?rest_route=\/wp\/v2\/users\/2"}],"replies":[{"embeddable":true,"href":"https:\/\/zonaroja.com.mx\/index.php?rest_route=%2Fwp%2Fv2%2Fcomments&post=58419"}],"version-history":[{"count":4,"href":"https:\/\/zonaroja.com.mx\/index.php?rest_route=\/wp\/v2\/posts\/58419\/revisions"}],"predecessor-version":[{"id":58438,"href":"https:\/\/zonaroja.com.mx\/index.php?rest_route=\/wp\/v2\/posts\/58419\/revisions\/58438"}],"wp:featuredmedia":[{"embeddable":true,"href":"https:\/\/zonaroja.com.mx\/index.php?rest_route=\/wp\/v2\/media\/58420"}],"wp:attachment":[{"href":"https:\/\/zonaroja.com.mx\/index.php?rest_route=%2Fwp%2Fv2%2Fmedia&parent=58419"}],"wp:term":[{"taxonomy":"category","embeddable":true,"href":"https:\/\/zonaroja.com.mx\/index.php?rest_route=%2Fwp%2Fv2%2Fcategories&post=58419"},{"taxonomy":"post_tag","embeddable":true,"href":"https:\/\/zonaroja.com.mx\/index.php?rest_route=%2Fwp%2Fv2%2Ftags&post=58419"}],"curies":[{"name":"wp","href":"https:\/\/api.w.org\/{rel}","templated":true}]}}