{"id":58426,"date":"2023-08-06T10:00:00","date_gmt":"2023-08-06T15:00:00","guid":{"rendered":"http:\/\/www.zonaroja.com.mx\/?p=58426"},"modified":"2023-08-06T08:26:02","modified_gmt":"2023-08-06T13:26:02","slug":"aseguran-que-se-concluiria-en-octubre-superrcaretera-a-la-costa-avance-del-87","status":"publish","type":"post","link":"https:\/\/zonaroja.com.mx\/?p=58426","title":{"rendered":"Aseguran que se concluir\u00eda en octubre superrcaretera a la Costa; avance del 87%"},"content":{"rendered":"\n<p>Redacci\u00f3n\/Zona Roja.<\/p>\n\n\n\n<p>Oaxaca de Ju\u00e1rez, Oax. 6 de agosto de 2023.- La obra de la supercarretera de Valles Centrales a la regi\u00f3n de la Costa registra un avance del 87 por ciento y ser\u00eda concluida en octubre este a\u00f1o, inform\u00f3 el gobierno de Oaxaca.<\/p>\n\n\n\n<p>Este s\u00e1bado, el mandatario Salom\u00f3n Jara Cruz realiz\u00f3 un recorrido por el tramo Barranca Larga-Ventanilla, en que constat\u00f3 los trabajos que se realizan; asegur\u00f3 que cada 15 d\u00edas, supervisar\u00e1 personalmente los avances, se inform\u00f3 en un comunicado de prensa.<\/p>\n\n\n\n<p>El Ejecutivo estatal revis\u00f3 la construcci\u00f3n de lo que ser\u00e1 la caseta de cobro Barranca Larga, que se localizar\u00e1 en el kil\u00f3metro 101+900, tambi\u00e9n supervis\u00f3 la obra del viaducto lanzado que se ubica en el kil\u00f3metro 117+174.<\/p>\n\n\n\n<p>Otra obra visitada es lo que ser\u00e1 el Parador Tur\u00edstico que contar\u00e1 con una gasolinera, restaurante y ba\u00f1os y que se localiza en el kil\u00f3metro 124+100 y la construcci\u00f3n del t\u00fanel San Sebasti\u00e1n que est\u00e1 ubicado en el kil\u00f3metro 151+800.<\/p>\n\n\n\n<p>\u201cA las y los oaxaque\u00f1os nos interesa la conclusi\u00f3n de esta obra, la cual estuvo abandonada por m\u00e1s de 20 a\u00f1os. Sin embargo, hoy podemos ver un avance\u201d, manifest\u00f3.<\/p>\n\n\n\n<p>Asimismo, agradeci\u00f3 el apoyo del Presidente de M\u00e9xico Andr\u00e9s Manuel L\u00f3pez Obrador, quien ha brindado todo el apoyo para la conclusi\u00f3n de este proyecto de gran importancia, afirm\u00f3.<\/p>\n\n\n\n<p>\u201cCon esta supercarretera, la poblaci\u00f3n podr\u00e1 viajar de Oaxaca a Puerto Escondido en un lapso m\u00e1ximo de tres horas\u201d, record\u00f3 en presencia de funcionarios estatales e indic\u00f3 que la obra podr\u00eda concluirse como m\u00e1ximo en el mes de octubre.<\/p>\n\n\n\n<p>Por otro lado, el Gobierno Estatal en coordinaci\u00f3n con el Gobierno Federal han trabajado de la mano para la ejecuci\u00f3n de dicha obra, as\u00ed como en el di\u00e1logo con las comunidades que ser\u00e1n beneficiadas con este proyecto.<\/p>\n\n\n\n<figure class=\"wp-block-embed is-type-rich is-provider-twitter wp-block-embed-twitter\"><div class=\"wp-block-embed__wrapper\">\n<div class=\"twitter-tweet\"><blockquote class=\"twitter-tweet\" data-lang=\"es\"><p lang=\"es\" dir=\"ltr\">El <a href=\"https:\/\/twitter.com\/GobOax?ref_src=twsrc%5Etfw\">@goboax<\/a> asegura que s\u00f3lo falta 13% de la obra para concluir la supercarretera Oaxaca-Puerto Escondido.<br>El titular del Ejecutivo, <a href=\"https:\/\/twitter.com\/salomonj?ref_src=twsrc%5Etfw\">@salomonj<\/a>, recorri\u00f3 hoy diversos tramos; garantiz\u00f3 que antes que finalice este a\u00f1o, estar\u00e1 concluida dicha v\u00eda r\u00e1pida. <a href=\"https:\/\/t.co\/oYfxbjso02\">pic.twitter.com\/oYfxbjso02<\/a><\/p>&mdash; Zona Roja Oaxaca (@ZonaRoja_Oaxaca) <a href=\"https:\/\/twitter.com\/ZonaRoja_Oaxaca\/status\/1687958221825191937?ref_src=twsrc%5Etfw\">5 de agosto de 2023<\/a><\/blockquote><\/div>\n<\/div><\/figure>\n","protected":false},"excerpt":{"rendered":"<p>Redacci\u00f3n\/Zona Roja. Oaxaca de Ju\u00e1rez, Oax. 6 de agosto de 2023.- La obra de la&hellip;<\/p>\n","protected":false},"author":2,"featured_media":58427,"comment_status":"closed","ping_status":"open","sticky":false,"template":"","format":"standard","meta":{"_lmt_disableupdate":"","_lmt_disable":"","_jetpack_memberships_contains_paid_content":false,"footnotes":""},"categories":[109,46],"tags":[939,3639],"class_list":["post-58426","post","type-post","status-publish","format-standard","has-post-thumbnail","hentry","category-minuto-a-minuto","category-zona-blanca","tag-salomon-jara-cruz","tag-supercarretera-oaxaca-costa"],"jetpack_featured_media_url":"https:\/\/zonaroja.com.mx\/wp-content\/uploads\/2023\/08\/Avances-supercarretera-a-la-Costa-Oaxaca.jpg","jetpack_sharing_enabled":true,"_links":{"self":[{"href":"https:\/\/zonaroja.com.mx\/index.php?rest_route=\/wp\/v2\/posts\/58426","targetHints":{"allow":["GET"]}}],"collection":[{"href":"https:\/\/zonaroja.com.mx\/index.php?rest_route=\/wp\/v2\/posts"}],"about":[{"href":"https:\/\/zonaroja.com.mx\/index.php?rest_route=\/wp\/v2\/types\/post"}],"author":[{"embeddable":true,"href":"https:\/\/zonaroja.com.mx\/index.php?rest_route=\/wp\/v2\/users\/2"}],"replies":[{"embeddable":true,"href":"https:\/\/zonaroja.com.mx\/index.php?rest_route=%2Fwp%2Fv2%2Fcomments&post=58426"}],"version-history":[{"count":1,"href":"https:\/\/zonaroja.com.mx\/index.php?rest_route=\/wp\/v2\/posts\/58426\/revisions"}],"predecessor-version":[{"id":58428,"href":"https:\/\/zonaroja.com.mx\/index.php?rest_route=\/wp\/v2\/posts\/58426\/revisions\/58428"}],"wp:featuredmedia":[{"embeddable":true,"href":"https:\/\/zonaroja.com.mx\/index.php?rest_route=\/wp\/v2\/media\/58427"}],"wp:attachment":[{"href":"https:\/\/zonaroja.com.mx\/index.php?rest_route=%2Fwp%2Fv2%2Fmedia&parent=58426"}],"wp:term":[{"taxonomy":"category","embeddable":true,"href":"https:\/\/zonaroja.com.mx\/index.php?rest_route=%2Fwp%2Fv2%2Fcategories&post=58426"},{"taxonomy":"post_tag","embeddable":true,"href":"https:\/\/zonaroja.com.mx\/index.php?rest_route=%2Fwp%2Fv2%2Ftags&post=58426"}],"curies":[{"name":"wp","href":"https:\/\/api.w.org\/{rel}","templated":true}]}}