{"id":58429,"date":"2023-08-06T12:26:00","date_gmt":"2023-08-06T17:26:00","guid":{"rendered":"http:\/\/www.zonaroja.com.mx\/?p=58429"},"modified":"2023-08-06T08:29:23","modified_gmt":"2023-08-06T13:29:23","slug":"aun-desconocen-causas-de-la-muerte-de-mexicana-en-alemania","status":"publish","type":"post","link":"https:\/\/zonaroja.com.mx\/?p=58429","title":{"rendered":"A\u00fan desconocen causas de la muerte de mexicana en Alemania"},"content":{"rendered":"\n<p>Redacci\u00f3n\/Zona Roja Cdmx.<\/p>\n\n\n\n<p>Ciudad de M\u00e9xico, a 6 de agosto de 2023.- La Polic\u00eda de Berl\u00edn dio a conocer en un comunicado que fue hallado el cuerpo de Mar\u00eda Fernanda S\u00e1nchez, desaparecida en Alemania.<\/p>\n\n\n\n<p>La polic\u00eda inform\u00f3 que \u201cla persona desaparecida fue encontrada sin vida por un transe\u00fante en el Canal Teltow en Adlershof\u201d.<\/p>\n\n\n\n<p>Tambi\u00e9n explic\u00f3 que \u201cde acuerdo con el conocimiento actual\u201d, no se puede asumir ninguna culpa de terceros o alguna persona que haya estado involucrado en la desaparici\u00f3n y muerte de la joven.<\/p>\n\n\n\n<p>Sin embargo, en el comunicado se detall\u00f3 que las investigaciones contin\u00faan por parte de la polic\u00eda criminal.<\/p>\n\n\n\n<p>La Secretar\u00eda de Relaciones Exteriores (SRE) public\u00f3 en Twitter que la embajada de Alemania acompa\u00f1a a la familia de Mar\u00eda Fernanda. La canciller\u00eda tambi\u00e9n detall\u00f3 que el cuerpo corresponde con las caracter\u00edsticas de la joven.<\/p>\n\n\n\n<p>Mar\u00eda Fernanda S\u00e1nchez fue reportada como desaparecida desde el 22 de julio en Berl\u00edn, por lo que la Interpol activ\u00f3 una ficha de b\u00fasqueda para encontrar a la joven.<\/p>\n\n\n\n<p>El documento inclu\u00eda los datos personales de la joven, de 24 a\u00f1os y originaria de la Ciudad de M\u00e9xico.<\/p>\n\n\n\n<p>\u2018Maffy\u2019 fue vista por \u00faltima vez en su departamento de Adlershof y desde su desaparici\u00f3n se activ\u00f3 una cuenta de Instagram llamada Find Maffy Berlin.<\/p>\n\n\n\n<p>Por medio de esta red social se publicaron algunos datos sobre los gustos y la personalidad de la joven.<\/p>\n\n\n\n<p>Tambi\u00e9n se compartieron fichas de b\u00fasquedas en espa\u00f1ol, alem\u00e1n, franc\u00e9s e italiano, para hacer m\u00e1s accesible la informaci\u00f3n para la comunidad internacional.<\/p>\n\n\n\n<p>Adem\u00e1s, se organizaron grupos de b\u00fasqueda para recorrer las comunidades cercanas en Berl\u00edn. La familia S\u00e1nchez Casta\u00f1eda expres\u00f3 su agradecimiento a voluntarios, brigadistas y sociedad civil que se han organizado.<\/p>\n\n\n\n<p>El presidente Andr\u00e9s Manuel L\u00f3pez Obrador pidi\u00f3 el apoyo de su hom\u00f3logo, Frank-Walter Steinmeier, para agilizar la b\u00fasqueda y localizaci\u00f3n de Mar\u00eda Fernanda.<\/p>\n\n\n\n<p>(Informaci\u00f3n de \u201cEl Financiero\u201d)<\/p>\n","protected":false},"excerpt":{"rendered":"<p>Redacci\u00f3n\/Zona Roja Cdmx. Ciudad de M\u00e9xico, a 6 de agosto de 2023.- La Polic\u00eda de&hellip;<\/p>\n","protected":false},"author":2,"featured_media":58430,"comment_status":"closed","ping_status":"open","sticky":false,"template":"","format":"standard","meta":{"_lmt_disableupdate":"","_lmt_disable":"","_jetpack_memberships_contains_paid_content":false,"footnotes":""},"categories":[109,47],"tags":[3640],"class_list":["post-58429","post","type-post","status-publish","format-standard","has-post-thumbnail","hentry","category-minuto-a-minuto","category-zona-gris","tag-maria-fernanda-sanchez"],"jetpack_featured_media_url":"https:\/\/zonaroja.com.mx\/wp-content\/uploads\/2023\/08\/Maria-Fernanda-Sanchez-Alemania.webp","jetpack_sharing_enabled":true,"_links":{"self":[{"href":"https:\/\/zonaroja.com.mx\/index.php?rest_route=\/wp\/v2\/posts\/58429","targetHints":{"allow":["GET"]}}],"collection":[{"href":"https:\/\/zonaroja.com.mx\/index.php?rest_route=\/wp\/v2\/posts"}],"about":[{"href":"https:\/\/zonaroja.com.mx\/index.php?rest_route=\/wp\/v2\/types\/post"}],"author":[{"embeddable":true,"href":"https:\/\/zonaroja.com.mx\/index.php?rest_route=\/wp\/v2\/users\/2"}],"replies":[{"embeddable":true,"href":"https:\/\/zonaroja.com.mx\/index.php?rest_route=%2Fwp%2Fv2%2Fcomments&post=58429"}],"version-history":[{"count":1,"href":"https:\/\/zonaroja.com.mx\/index.php?rest_route=\/wp\/v2\/posts\/58429\/revisions"}],"predecessor-version":[{"id":58431,"href":"https:\/\/zonaroja.com.mx\/index.php?rest_route=\/wp\/v2\/posts\/58429\/revisions\/58431"}],"wp:featuredmedia":[{"embeddable":true,"href":"https:\/\/zonaroja.com.mx\/index.php?rest_route=\/wp\/v2\/media\/58430"}],"wp:attachment":[{"href":"https:\/\/zonaroja.com.mx\/index.php?rest_route=%2Fwp%2Fv2%2Fmedia&parent=58429"}],"wp:term":[{"taxonomy":"category","embeddable":true,"href":"https:\/\/zonaroja.com.mx\/index.php?rest_route=%2Fwp%2Fv2%2Fcategories&post=58429"},{"taxonomy":"post_tag","embeddable":true,"href":"https:\/\/zonaroja.com.mx\/index.php?rest_route=%2Fwp%2Fv2%2Ftags&post=58429"}],"curies":[{"name":"wp","href":"https:\/\/api.w.org\/{rel}","templated":true}]}}