{"id":58432,"date":"2023-08-06T08:37:50","date_gmt":"2023-08-06T13:37:50","guid":{"rendered":"http:\/\/www.zonaroja.com.mx\/?p=58432"},"modified":"2023-08-06T08:37:55","modified_gmt":"2023-08-06T13:37:55","slug":"imputaran-homicidio-calificado-agravado-a-sujeto-que-golpeo-a-menor-en-slp","status":"publish","type":"post","link":"https:\/\/zonaroja.com.mx\/?p=58432","title":{"rendered":"Imputar\u00e1n homicidio calificado agravado a sujeto que golpe\u00f3 a menor en SLP"},"content":{"rendered":"\n<p>Redacci\u00f3n\/Zona Roja Cdmx.<\/p>\n\n\n\n<p>Ciudad de M\u00e9xico, a 6 de agosto de 2023.- La Fiscal\u00eda General del Estado de San Luis Potos\u00ed (FGESLP) inform\u00f3 que Fernando \u201cN\u201d, agresor del trabajador menor de edad de la cadena \u201cSubway\u201d, ser\u00e1 imputado por homicidio calificado agravado.<\/p>\n\n\n\n<p>En un comunicado, la Fiscal\u00eda estatal detall\u00f3 que este 5 de agosto fue detenido Fernando N, quien era identificado como \u201cEl Tibur\u00f3n Medina\u201d, luego de ejecutar una orden de aprehensi\u00f3n en su contra.<\/p>\n\n\n\n<p>De acuerdo con las autoridades ministeriales, tras su captura, \u201cEl Tibur\u00f3n Medina\u201d fue llevado al penal de la delegaci\u00f3n de La Pila, en San Luis Potos\u00ed, mismo que estar\u00e1 en espera de su audiencia inicial, la cual podr\u00eda realizarse hoy 6 de agosto ante un juez de control.<\/p>\n\n\n\n<p>\u201cEn esa audiencia inicial, litigadores del Ministerio P\u00fablico de la Fiscal\u00eda General del Estado de San Luis Potos\u00ed estar\u00e1n formulando la citada imputaci\u00f3n de homicidio calificado agravado (sic) \u201d, inform\u00f3 la autoridad local.<\/p>\n\n\n\n<p>\u201cEl Tibur\u00f3n Medina\u201d fue capturado en el exterior de un hotel que se ubica en la carretera 57 a la altura de la Terminal Terrestre Potosina.<\/p>\n\n\n\n<p>En entrevista para medios, Mart\u00edn Serrano G\u00f3mez, director de la Polic\u00eda de Investigaci\u00f3n (PDI) local, explic\u00f3 que Fernando \u201cN\u201d sali\u00f3 de San Luis Potos\u00ed despu\u00e9s de su agresi\u00f3n.<\/p>\n\n\n\n<p>Se\u00f1al\u00f3 que a bordo de un veh\u00edculo color blanco se estuvo moviendo por los estados de Guanajuato y Jalisco, en donde se ocult\u00f3 en diversos domicilios, pero a su regreso a San Luis Potos\u00ed fue detenido por los agentes, quienes se\u00f1alaron que el sujeto ten\u00eda intenciones de escapar a la Ciudad de M\u00e9xico.<\/p>\n\n\n\n<p>La agresi\u00f3n al empleado de 15 a\u00f1os de la cadena de comida r\u00e1pida ocurri\u00f3 el lunes 31 de julio, en un establecimiento ubicado en las calles de Rutilo Torres y Amatista.<\/p>\n\n\n\n<p>Seg\u00fan medios locales, el empleado le solicit\u00f3 a Fernando esperar su turno en la fila, el cual exig\u00eda ser atendido con prontitud. Ante la negativa, el agresor ingres\u00f3 al \u00e1rea donde se elaboran los s\u00e1ndwiches para golpear al trabajador.<\/p>\n\n\n\n<p>El ataque qued\u00f3 registrado en c\u00e1maras de seguridad en donde se observa la sa\u00f1a con la que \u201cEl Tibur\u00f3n Medina\u201d, quien seg\u00fan la Fiscal\u00eda de San Luis Potos\u00ed tiene conocimientos y capacidades en artes marciales, agredi\u00f3 al empleado que s\u00f3lo se cubri\u00f3 con sus brazos.<\/p>\n\n\n\n<p>Luego de que el video se hiciera viral en redes sociales, \u201cSubway\u201d conden\u00f3 la agresi\u00f3n y se dijo consternada por lo sucedido.<\/p>\n\n\n\n<p>\u201cCondenamos categ\u00f3ricamente el incidente suscitado en nuestro restaurante (&#8230;) en el que un sujeto agredi\u00f3 brutalmente a un artista del s\u00e1ndwich. (..) Condenamos en\u00e9rgicamente cualquier acto de violencia o agresi\u00f3n, comportamientos que no tienen cabida en nuestra sociedad\u201d, se\u00f1al\u00f3 la empresa que asegur\u00f3 que al empleado se le est\u00e1 brindando la atenci\u00f3n m\u00e9dica adecuada para su recuperaci\u00f3n.<\/p>\n\n\n\n<p>(Informaci\u00f3n de Infobae M\u00e9xico)<\/p>\n","protected":false},"excerpt":{"rendered":"<p>Redacci\u00f3n\/Zona Roja Cdmx. Ciudad de M\u00e9xico, a 6 de agosto de 2023.- La Fiscal\u00eda General&hellip;<\/p>\n","protected":false},"author":2,"featured_media":58433,"comment_status":"closed","ping_status":"open","sticky":false,"template":"","format":"standard","meta":{"_lmt_disableupdate":"","_lmt_disable":"","_jetpack_memberships_contains_paid_content":false,"footnotes":""},"categories":[109,47],"tags":[],"class_list":["post-58432","post","type-post","status-publish","format-standard","has-post-thumbnail","hentry","category-minuto-a-minuto","category-zona-gris"],"jetpack_featured_media_url":"https:\/\/zonaroja.com.mx\/wp-content\/uploads\/2023\/08\/Fernando-N-caso-San-Luis-Potosi.webp","jetpack_sharing_enabled":true,"_links":{"self":[{"href":"https:\/\/zonaroja.com.mx\/index.php?rest_route=\/wp\/v2\/posts\/58432","targetHints":{"allow":["GET"]}}],"collection":[{"href":"https:\/\/zonaroja.com.mx\/index.php?rest_route=\/wp\/v2\/posts"}],"about":[{"href":"https:\/\/zonaroja.com.mx\/index.php?rest_route=\/wp\/v2\/types\/post"}],"author":[{"embeddable":true,"href":"https:\/\/zonaroja.com.mx\/index.php?rest_route=\/wp\/v2\/users\/2"}],"replies":[{"embeddable":true,"href":"https:\/\/zonaroja.com.mx\/index.php?rest_route=%2Fwp%2Fv2%2Fcomments&post=58432"}],"version-history":[{"count":1,"href":"https:\/\/zonaroja.com.mx\/index.php?rest_route=\/wp\/v2\/posts\/58432\/revisions"}],"predecessor-version":[{"id":58434,"href":"https:\/\/zonaroja.com.mx\/index.php?rest_route=\/wp\/v2\/posts\/58432\/revisions\/58434"}],"wp:featuredmedia":[{"embeddable":true,"href":"https:\/\/zonaroja.com.mx\/index.php?rest_route=\/wp\/v2\/media\/58433"}],"wp:attachment":[{"href":"https:\/\/zonaroja.com.mx\/index.php?rest_route=%2Fwp%2Fv2%2Fmedia&parent=58432"}],"wp:term":[{"taxonomy":"category","embeddable":true,"href":"https:\/\/zonaroja.com.mx\/index.php?rest_route=%2Fwp%2Fv2%2Fcategories&post=58432"},{"taxonomy":"post_tag","embeddable":true,"href":"https:\/\/zonaroja.com.mx\/index.php?rest_route=%2Fwp%2Fv2%2Ftags&post=58432"}],"curies":[{"name":"wp","href":"https:\/\/api.w.org\/{rel}","templated":true}]}}