{"id":58444,"date":"2023-08-06T19:24:51","date_gmt":"2023-08-07T00:24:51","guid":{"rendered":"http:\/\/www.zonaroja.com.mx\/?p=58444"},"modified":"2023-08-06T19:25:03","modified_gmt":"2023-08-07T00:25:03","slug":"suman-278-migrantes-rescatado-en-oaxaca-hay-seis-detenidos","status":"publish","type":"post","link":"https:\/\/zonaroja.com.mx\/?p=58444","title":{"rendered":"Suman 278 migrantes rescatado en Oaxaca; hay seis detenidos"},"content":{"rendered":"\n<p>Redacci\u00f3n\/Zona Roja.<\/p>\n\n\n\n<p>Oaxaca de Ju\u00e1rez, Oax., a 6 de agosto de 2023.- Al menos 278 migrantes de distintas nacionalidades han sido rescatados en Oaxaca en al menos tres operativos, en que se detuvo adem\u00e1s a seis individuos, por el transporte ilegal de personas.<\/p>\n\n\n\n<p>En un comunicado, el Gobierno del Estado inform\u00f3 que a trav\u00e9s de las polic\u00edas Estatal y Vial efectu\u00f3 las intervenciones el pasado viernes.&nbsp;<\/p>\n\n\n\n<p>El primer caso ocurri\u00f3 alrededor de las 10:55 horas, en la autopista 135-D Oaxaca-Cuacnopalan, en el tramo Nochixtl\u00e1n-Santo Domingo Tepelmeme, donde personal de la Polic\u00eda Estatal se percat\u00f3 de un veh\u00edculo mal estacionado a la altura de la caseta de cobro de Suchixtlahuaca.<\/p>\n\n\n\n<p>Toda vez que la unidad de motor Chrysler Gran Caravan, color azul met\u00e1lico, invad\u00eda el arroyo vehicular, los elementos intervinieron con el objetivo de prestarle auxilio al conductor y a su copiloto, constatando as\u00ed la presencia de 11 personas m\u00e1s -siete adultas y cuatro menores de edad- quienes manifestaron ser originarias de Guatemala y no contar con documentaci\u00f3n alguna.<\/p>\n\n\n\n<p>Alrededor de las 16:30 horas, una segunda intervenci\u00f3n de la Polic\u00eda Estatal ocurri\u00f3 en la avenida Perif\u00e9rico de la ciudad capital, a la altura del puente peatonal de la colonia Miguel Alem\u00e1n, donde se atendi\u00f3 el reporte del Centro de Control, Comando y Comunicaci\u00f3n (C4) sobre un veh\u00edculo en el que eran transportadas personas en la misma situaci\u00f3n.<\/p>\n\n\n\n<p>De esta manera se rescataron a 147 personas -72 adultas y 75 menores de edad- de origen guatemalteco, hondure\u00f1o, salvadore\u00f1o y ecuatoriano. Tambi\u00e9n se aseguraron a las dos personas que las transportaban.&nbsp;<\/p>\n\n\n\n<p>Aproximadamente 10 minutos m\u00e1s tarde, la Polic\u00eda Vial Estatal inform\u00f3 sobre el aseguramiento de dos personas m\u00e1s sobre riberas del \u201cAtoyac\u201d a la altura de la colonia Vicente Su\u00e1rez, quienes a bordo de un cami\u00f3n marca Internacional, color blanco y lona azul, trasladaban a 120 personas \u201367 adultas y 53 menores de edad- procedentes de Guatemala, Honduras, El Salvador y Ecuador.<\/p>\n\n\n\n<p>De lo anterior tom\u00f3 conocimiento el Instituto Nacional de Migraci\u00f3n (INM), quien se hizo cargo de todas las personas extranjeras; mientras que la Fiscal\u00eda General de la Rep\u00fablica (FGR) determinar\u00e1 la situaci\u00f3n legal de las seis personas detenidas.<\/p>\n","protected":false},"excerpt":{"rendered":"<p>Redacci\u00f3n\/Zona Roja. Oaxaca de Ju\u00e1rez, Oax., a 6 de agosto de 2023.- Al menos 278&hellip;<\/p>\n","protected":false},"author":2,"featured_media":58445,"comment_status":"closed","ping_status":"open","sticky":false,"template":"","format":"standard","meta":{"_lmt_disableupdate":"","_lmt_disable":"","_jetpack_memberships_contains_paid_content":false,"footnotes":""},"categories":[109,47],"tags":[3641],"class_list":["post-58444","post","type-post","status-publish","format-standard","has-post-thumbnail","hentry","category-minuto-a-minuto","category-zona-gris","tag-migrantes-en-oaxaca"],"jetpack_featured_media_url":"https:\/\/zonaroja.com.mx\/wp-content\/uploads\/2023\/08\/Rescate-de-migrantes-Oaxaca.jpg","jetpack_sharing_enabled":true,"_links":{"self":[{"href":"https:\/\/zonaroja.com.mx\/index.php?rest_route=\/wp\/v2\/posts\/58444","targetHints":{"allow":["GET"]}}],"collection":[{"href":"https:\/\/zonaroja.com.mx\/index.php?rest_route=\/wp\/v2\/posts"}],"about":[{"href":"https:\/\/zonaroja.com.mx\/index.php?rest_route=\/wp\/v2\/types\/post"}],"author":[{"embeddable":true,"href":"https:\/\/zonaroja.com.mx\/index.php?rest_route=\/wp\/v2\/users\/2"}],"replies":[{"embeddable":true,"href":"https:\/\/zonaroja.com.mx\/index.php?rest_route=%2Fwp%2Fv2%2Fcomments&post=58444"}],"version-history":[{"count":1,"href":"https:\/\/zonaroja.com.mx\/index.php?rest_route=\/wp\/v2\/posts\/58444\/revisions"}],"predecessor-version":[{"id":58446,"href":"https:\/\/zonaroja.com.mx\/index.php?rest_route=\/wp\/v2\/posts\/58444\/revisions\/58446"}],"wp:featuredmedia":[{"embeddable":true,"href":"https:\/\/zonaroja.com.mx\/index.php?rest_route=\/wp\/v2\/media\/58445"}],"wp:attachment":[{"href":"https:\/\/zonaroja.com.mx\/index.php?rest_route=%2Fwp%2Fv2%2Fmedia&parent=58444"}],"wp:term":[{"taxonomy":"category","embeddable":true,"href":"https:\/\/zonaroja.com.mx\/index.php?rest_route=%2Fwp%2Fv2%2Fcategories&post=58444"},{"taxonomy":"post_tag","embeddable":true,"href":"https:\/\/zonaroja.com.mx\/index.php?rest_route=%2Fwp%2Fv2%2Ftags&post=58444"}],"curies":[{"name":"wp","href":"https:\/\/api.w.org\/{rel}","templated":true}]}}