{"id":58454,"date":"2023-08-07T08:22:05","date_gmt":"2023-08-07T13:22:05","guid":{"rendered":"http:\/\/www.zonaroja.com.mx\/?p=58454"},"modified":"2023-08-07T08:22:11","modified_gmt":"2023-08-07T13:22:11","slug":"a-tres-anos-sigue-sin-aplicarse-la-ley-antichatarra-en-oaxaca","status":"publish","type":"post","link":"https:\/\/zonaroja.com.mx\/?p=58454","title":{"rendered":"A tres a\u00f1os, sigue sin aplicarse la ley \u201cantichatarra\u201d en Oaxaca"},"content":{"rendered":"\n<p>Redacci\u00f3n\/Zona Roja.<\/p>\n\n\n\n<p>Oaxaca de Ju\u00e1rez, Oax., a 7 de agosto de 2023.- A tres a\u00f1os de haber sido aprobada por el Congreso del Estado, la llamada ley \u201cantichatarra\u201d a\u00fan no se aplica en Oaxaca.<\/p>\n\n\n\n<p>El diputado por Morena, Horacio Sosa Villavicencio, llam\u00f3 a la Secretar\u00eda de Salud de Oaxaca para acelerar el cumplimiento de ley que proh\u00edbe la venta y regalo de bebidas azucaradas y productos envasados de alto contenido cal\u00f3rico a la ni\u00f1ez de Oaxaca.<\/p>\n\n\n\n<p>En un comunicado, se\u00f1al\u00f3 que desde su aprobaci\u00f3n y entrada en vigor hace tres a\u00f1os, no se han realizado acciones para identificar los productos ultraprocesados que la reforma proh\u00edbe para venta a menores de edad y que tampoco existen campa\u00f1as de informaci\u00f3n sobre los riesgos a la salud que ocasiona la ingesta de productos chatarras.<\/p>\n\n\n\n<p>En un video difundido en sus redes sociales, el legislador record\u00f3 que, tras la aprobaci\u00f3n de dicha ley, empresas transnacionales iniciaron una campa\u00f1a de desprestigio para confundir a la poblaci\u00f3n y continuar afectando la salud.<\/p>\n\n\n\n<p>\u201cSe ech\u00f3 a andar por parte de Femsa Coca cola una campa\u00f1a negra donde se pusieron lonas en contra de un servidor y del Gobernador el Estado el ingeniero Salom\u00f3n Jara, en ese momento Senador de la Rep\u00fablica, una campa\u00f1a implementada a favor de seguir perjudicando la salud de los ni\u00f1os y ni\u00f1as\u201d.<\/p>\n\n\n\n<p>De igual manera, reconoci\u00f3 el trabajo del Gobernador del estado Salom\u00f3n Jara Cruz, al respaldar esta ley a nivel federal, por lo que conf\u00eda que en esta nueva etapa de transformaci\u00f3n que vive Oaxaca, se implementen las pol\u00edticas p\u00fablicas necesarias para acabar con este mal.<\/p>\n","protected":false},"excerpt":{"rendered":"<p>Redacci\u00f3n\/Zona Roja. Oaxaca de Ju\u00e1rez, Oax., a 7 de agosto de 2023.- A tres a\u00f1os&hellip;<\/p>\n","protected":false},"author":2,"featured_media":7286,"comment_status":"closed","ping_status":"open","sticky":false,"template":"","format":"standard","meta":{"_lmt_disableupdate":"","_lmt_disable":"","_jetpack_memberships_contains_paid_content":false,"footnotes":""},"categories":[109,47],"tags":[444],"class_list":["post-58454","post","type-post","status-publish","format-standard","has-post-thumbnail","hentry","category-minuto-a-minuto","category-zona-gris","tag-horacio-sosa-villavicencio"],"jetpack_featured_media_url":"https:\/\/zonaroja.com.mx\/wp-content\/uploads\/2020\/01\/pl\u00e1sticos.jpg","jetpack_sharing_enabled":true,"_links":{"self":[{"href":"https:\/\/zonaroja.com.mx\/index.php?rest_route=\/wp\/v2\/posts\/58454","targetHints":{"allow":["GET"]}}],"collection":[{"href":"https:\/\/zonaroja.com.mx\/index.php?rest_route=\/wp\/v2\/posts"}],"about":[{"href":"https:\/\/zonaroja.com.mx\/index.php?rest_route=\/wp\/v2\/types\/post"}],"author":[{"embeddable":true,"href":"https:\/\/zonaroja.com.mx\/index.php?rest_route=\/wp\/v2\/users\/2"}],"replies":[{"embeddable":true,"href":"https:\/\/zonaroja.com.mx\/index.php?rest_route=%2Fwp%2Fv2%2Fcomments&post=58454"}],"version-history":[{"count":1,"href":"https:\/\/zonaroja.com.mx\/index.php?rest_route=\/wp\/v2\/posts\/58454\/revisions"}],"predecessor-version":[{"id":58455,"href":"https:\/\/zonaroja.com.mx\/index.php?rest_route=\/wp\/v2\/posts\/58454\/revisions\/58455"}],"wp:featuredmedia":[{"embeddable":true,"href":"https:\/\/zonaroja.com.mx\/index.php?rest_route=\/wp\/v2\/media\/7286"}],"wp:attachment":[{"href":"https:\/\/zonaroja.com.mx\/index.php?rest_route=%2Fwp%2Fv2%2Fmedia&parent=58454"}],"wp:term":[{"taxonomy":"category","embeddable":true,"href":"https:\/\/zonaroja.com.mx\/index.php?rest_route=%2Fwp%2Fv2%2Fcategories&post=58454"},{"taxonomy":"post_tag","embeddable":true,"href":"https:\/\/zonaroja.com.mx\/index.php?rest_route=%2Fwp%2Fv2%2Ftags&post=58454"}],"curies":[{"name":"wp","href":"https:\/\/api.w.org\/{rel}","templated":true}]}}