{"id":58461,"date":"2023-08-07T20:30:00","date_gmt":"2023-08-08T01:30:00","guid":{"rendered":"http:\/\/www.zonaroja.com.mx\/?p=58461"},"modified":"2023-08-07T17:30:04","modified_gmt":"2023-08-07T22:30:04","slug":"denuncian-trabajadores-supuestos-actos-de-corrupcion-en-manejo-de-ahorro-en-sso","status":"publish","type":"post","link":"https:\/\/zonaroja.com.mx\/?p=58461","title":{"rendered":"Denuncian trabajadores supuestos actos de corrupci\u00f3n en manejo de ahorro en SSO"},"content":{"rendered":"\n<p>Yuridiana Sosa\/Zona Roja.<\/p>\n\n\n\n<p>Oaxaca de Ju\u00e1rez, Oax., a 7 de agosto de 2023.- Trabajadores de los Servicios de Salud de Oaxaca (SSO) denunciaron supuestos actos de corrupci\u00f3n por parte de los funcionarios a cargo de la secretaria de Salud, Ana Lilia Velasco Hern\u00e1ndez, sobre el manejo del Fondo de Ahorro Estatal Capitalizable (FAEC).<\/p>\n\n\n\n<p>Los se\u00f1alamientos se realizaron tras el informe de la Subdirecci\u00f3n General de Administraci\u00f3n y Finanzas de la Direcci\u00f3n de Administraci\u00f3n y de la Unidad de Servicios de Personal del Departamento de Operaci\u00f3n y Pagos sobre la forma de pago para la liquidaci\u00f3n de dicho ahorro.<\/p>\n\n\n\n<p>De la manipulaci\u00f3n del dinero para beneficio personal, los trabajadores acusaron a los funcionarios Octavio Torres Castillo, Aracely Z\u00e1rate Ortiz, Alejo Esa\u00fa Ram\u00edrez, quienes adem\u00e1s etiquetan a personal de 1A, base 2A, regularizados y 3A formalizados.<\/p>\n\n\n\n<p>Durante la actual administraci\u00f3n de Velasco Hern\u00e1ndez han surgido como nunca antes actos de corrupci\u00f3n en los SSO contra los mismos trabajadores, acusaron.<\/p>\n\n\n\n<p>El documento de los SSO fue emitido el pasado 31 de julio para los directores generales, directores de \u00e1reas, coordinadores, jefes de jurisdicciones, directores de hospitales, jefes de unidad, jefes de departamento, directores de centros de salud.<\/p>\n\n\n\n<p>Servicios de Salud de Oaxaca indic\u00f3 que el pago correspond\u00eda al cierre del d\u00e9cimo primer ciclo de trabajadores regularizados, que concluy\u00f3 el 15 de julio y la liquidaci\u00f3n anual se realizar\u00eda v\u00eda transferencia electr\u00f3nica y emisi\u00f3n de cheques.<\/p>\n\n\n\n<p>Para el caso de la transferencia, dijo, la dispersi\u00f3n electr\u00f3nica ser\u00e1 a partir del 4 de agosto y \u201cen caso de no reflejarse el dep\u00f3sito en la cuenta del trabajador deber\u00e1 reportarlo de inmediato \u2013a un correo electr\u00f3nico proporcionado- anexando el \u00faltimo estado de cuenta bancaria, mismo que deber\u00e1 reflejar la clave interbancaria reportada en su momento por la unidad\u201d.<\/p>\n\n\n\n<p>Para el pago en cheque, el pagador habilitado \u201cdeber\u00e1 entregarlo a los trabajadores regularizados seg\u00fan corresponda la liquidaci\u00f3n de 24 o 12 quincenas a partir del 15 de agosto\u201d, debiendo presentar original y copia legible de la credencial de elector, as\u00ed como acusar de recibido en el listado de firmas y en el tal\u00f3n del cheque deber\u00e1 plasmar la leyenda recib\u00ed cheque original de FAREC, nombre, firma y fecha.<\/p>\n\n\n\n<p>La comprobaci\u00f3n todas las unidades, sin excepci\u00f3n, deber\u00e1n como m\u00e1ximo el d\u00eda 15 de septiembre; el trabajador deber\u00e1 acudir con el pagador habilitado de su centro de adscripci\u00f3n a firmar la n\u00f3mina los d\u00edas 15 y 16 de agosto, de hacer caso omiso a dicha indicaci\u00f3n se aplicar\u00e1n sanciones administrativas\u201d, indic\u00f3 la dependencia.<\/p>\n","protected":false},"excerpt":{"rendered":"<p>Yuridiana Sosa\/Zona Roja. Oaxaca de Ju\u00e1rez, Oax., a 7 de agosto de 2023.- Trabajadores de&hellip;<\/p>\n","protected":false},"author":2,"featured_media":58462,"comment_status":"closed","ping_status":"open","sticky":false,"template":"","format":"standard","meta":{"_lmt_disableupdate":"","_lmt_disable":"","_jetpack_memberships_contains_paid_content":false,"footnotes":""},"categories":[109,47],"tags":[1005],"class_list":["post-58461","post","type-post","status-publish","format-standard","has-post-thumbnail","hentry","category-minuto-a-minuto","category-zona-gris","tag-servicios-de-salud-de-oaxaca-sso"],"jetpack_featured_media_url":"https:\/\/zonaroja.com.mx\/wp-content\/uploads\/2023\/08\/Alma-Lilia-Velasco-Servicios-de-Salud.jpeg","jetpack_sharing_enabled":true,"_links":{"self":[{"href":"https:\/\/zonaroja.com.mx\/index.php?rest_route=\/wp\/v2\/posts\/58461","targetHints":{"allow":["GET"]}}],"collection":[{"href":"https:\/\/zonaroja.com.mx\/index.php?rest_route=\/wp\/v2\/posts"}],"about":[{"href":"https:\/\/zonaroja.com.mx\/index.php?rest_route=\/wp\/v2\/types\/post"}],"author":[{"embeddable":true,"href":"https:\/\/zonaroja.com.mx\/index.php?rest_route=\/wp\/v2\/users\/2"}],"replies":[{"embeddable":true,"href":"https:\/\/zonaroja.com.mx\/index.php?rest_route=%2Fwp%2Fv2%2Fcomments&post=58461"}],"version-history":[{"count":1,"href":"https:\/\/zonaroja.com.mx\/index.php?rest_route=\/wp\/v2\/posts\/58461\/revisions"}],"predecessor-version":[{"id":58463,"href":"https:\/\/zonaroja.com.mx\/index.php?rest_route=\/wp\/v2\/posts\/58461\/revisions\/58463"}],"wp:featuredmedia":[{"embeddable":true,"href":"https:\/\/zonaroja.com.mx\/index.php?rest_route=\/wp\/v2\/media\/58462"}],"wp:attachment":[{"href":"https:\/\/zonaroja.com.mx\/index.php?rest_route=%2Fwp%2Fv2%2Fmedia&parent=58461"}],"wp:term":[{"taxonomy":"category","embeddable":true,"href":"https:\/\/zonaroja.com.mx\/index.php?rest_route=%2Fwp%2Fv2%2Fcategories&post=58461"},{"taxonomy":"post_tag","embeddable":true,"href":"https:\/\/zonaroja.com.mx\/index.php?rest_route=%2Fwp%2Fv2%2Ftags&post=58461"}],"curies":[{"name":"wp","href":"https:\/\/api.w.org\/{rel}","templated":true}]}}