{"id":58467,"date":"2023-08-07T14:19:00","date_gmt":"2023-08-07T19:19:00","guid":{"rendered":"http:\/\/www.zonaroja.com.mx\/?p=58467"},"modified":"2023-08-07T09:23:11","modified_gmt":"2023-08-07T14:23:11","slug":"incrementa-a-cinco-el-numero-de-policias-asesinados-en-oaxaca-en-2023","status":"publish","type":"post","link":"https:\/\/zonaroja.com.mx\/?p=58467","title":{"rendered":"Incrementa a cinco el n\u00famero de polic\u00edas asesinados en Oaxaca en 2023"},"content":{"rendered":"\n<p>Yuridiana Sosa\/Zona Roja.<\/p>\n\n\n\n<p>Oaxaca de Ju\u00e1rez, Oax., a 7 de agosto.- La violencia en la entidad, registrada en el transcurso de este 2023, ha arrebatado la vida a cinco polic\u00edas en Oaxaca en el cumplimiento de sus funciones.<\/p>\n\n\n\n<p>El hecho m\u00e1s reciente ocurri\u00f3 el pasado 29 de julio contra un elemento de la Agencia Estatal de Investigaciones (AEI), de la Fiscal\u00eda General del Estado, cuando particip\u00f3 en un operativo en la carretera a Nuevo Cerro Mojarra, San Felipe Zihualtepec, en el Municipio de San Juan Cotzoc\u00f3n, en la zona Mixe.<\/p>\n\n\n\n<p>El elemento ca\u00eddo fue identificado como Andr\u00e9s Avelino L. H. y sus compa\u00f1eros, junto con de instituciones federales, fueron recibidos con disparos de arma de fuego, los cuales dejaron lesionados a dos m\u00e1s.<\/p>\n\n\n\n<p>La organizaci\u00f3n civil a nivel nacional Causa en Com\u00fan ha documentado cuatro hechos m\u00e1s en el transcurso de este a\u00f1o.<\/p>\n\n\n\n<p>En abril pasado, asesinaron al elemento F\u00e9lix Vicente Cruz, polic\u00eda municipal activo de San Francisco Ixhuat\u00e1n, mientras que el 7 de marzo asesinaron en&nbsp;Zapotitl\u00e1n Palmas, a Francisco N., quien era originario del municipio de Acatl\u00e1n de Osorio, Puebla y&nbsp;en&nbsp;su d\u00eda franco se encontraba&nbsp;en&nbsp;territorio oaxaque\u00f1o.<\/p>\n\n\n\n<p>Los asesinatos contra los polic\u00edas comenzaron desde el mes de enero, cuando el d\u00eda tres en&nbsp;Mat\u00edas Romero, le quitaron la vida a Juan Antonio B.S. de 28 a\u00f1os y el 14 de febrero en&nbsp;Santa Cruz Xoxocotl\u00e1n el polic\u00eda municipal R.I.H. Polic\u00eda.<\/p>\n\n\n\n<p>OTRAS MUERTES<\/p>\n\n\n\n<p>Tan solo en el transcurso de una semana, del 17 al 21 de julio, tres polic\u00edas m\u00e1s murieron en diferentes circunstancias, dos por supuesto suicidio y uno por ahogamiento.<\/p>\n\n\n\n<p>En d\u00eda de descanso, Gustavo \u201cN\u201d acudi\u00f3 a un balneario del municipio de Ejutla de Crespo, donde despu\u00e9s de ingerir alimentos se meti\u00f3 a nadar, lo que habr\u00eda originado que perdiera la vida en la alberca.<\/p>\n\n\n\n<p>En la capital oaxaque\u00f1a, ese mismo d\u00eda, el elemento de la Polic\u00eda Estatal identificado como Jacobo Abad M. P., perdi\u00f3 la vida tras caer de un tercer piso en un inmueble ubicado en la calle Miguel Cabrera del centro de la ciudad de Oaxaca.<\/p>\n\n\n\n<p>Mientras que d\u00edas antes \u00c9dgar Jes\u00fas \u201cN\u201d, elemento de la Polic\u00eda Auxiliar, Bancaria, Industrial y Comercial (PABIC) presuntamente se suicid\u00f3 con su arma de fuego. Esto en el municipio de Santa Luc\u00eda del Camino.<\/p>\n\n\n\n<p>NACIONAL<\/p>\n\n\n\n<p>Causa en Com\u00fan inform\u00f3 recientemente que del 21 al 27 de julio de 2023, registr\u00f3 nueve casos de polic\u00edas asesinados, tres de ellos en Guerrero; en Coahuila y Morelos, dos en cada uno; Estado de M\u00e9xico y Veracruz, uno en cada estado.<\/p>\n\n\n\n<p>Con estos hechos suman, al menos, 256 los polic\u00edas asesinados en el 2023; en promedio, 1.2 polic\u00edas cada d\u00eda.<\/p>\n\n\n\n<p>Los estados con mayor cantidad de polic\u00edas asesinados en este periodo son Guanajuato 49; Chihuahua 18; Jalisco 17; Zacatecas 17; Nuevo Le\u00f3n 16 y Michoac\u00e1n 16.<\/p>\n","protected":false},"excerpt":{"rendered":"<p>Yuridiana Sosa\/Zona Roja. Oaxaca de Ju\u00e1rez, Oax., a 7 de agosto.- La violencia en la&hellip;<\/p>\n","protected":false},"author":2,"featured_media":5577,"comment_status":"closed","ping_status":"open","sticky":false,"template":"","format":"standard","meta":{"_lmt_disableupdate":"","_lmt_disable":"","_jetpack_memberships_contains_paid_content":false,"footnotes":""},"categories":[109,47],"tags":[2376],"class_list":["post-58467","post","type-post","status-publish","format-standard","has-post-thumbnail","hentry","category-minuto-a-minuto","category-zona-gris","tag-causa-en-comun"],"jetpack_featured_media_url":"https:\/\/zonaroja.com.mx\/wp-content\/uploads\/2019\/11\/Masacre-polic\u00edas-Coatl\u00e1n-5.jpg","jetpack_sharing_enabled":true,"_links":{"self":[{"href":"https:\/\/zonaroja.com.mx\/index.php?rest_route=\/wp\/v2\/posts\/58467","targetHints":{"allow":["GET"]}}],"collection":[{"href":"https:\/\/zonaroja.com.mx\/index.php?rest_route=\/wp\/v2\/posts"}],"about":[{"href":"https:\/\/zonaroja.com.mx\/index.php?rest_route=\/wp\/v2\/types\/post"}],"author":[{"embeddable":true,"href":"https:\/\/zonaroja.com.mx\/index.php?rest_route=\/wp\/v2\/users\/2"}],"replies":[{"embeddable":true,"href":"https:\/\/zonaroja.com.mx\/index.php?rest_route=%2Fwp%2Fv2%2Fcomments&post=58467"}],"version-history":[{"count":1,"href":"https:\/\/zonaroja.com.mx\/index.php?rest_route=\/wp\/v2\/posts\/58467\/revisions"}],"predecessor-version":[{"id":58468,"href":"https:\/\/zonaroja.com.mx\/index.php?rest_route=\/wp\/v2\/posts\/58467\/revisions\/58468"}],"wp:featuredmedia":[{"embeddable":true,"href":"https:\/\/zonaroja.com.mx\/index.php?rest_route=\/wp\/v2\/media\/5577"}],"wp:attachment":[{"href":"https:\/\/zonaroja.com.mx\/index.php?rest_route=%2Fwp%2Fv2%2Fmedia&parent=58467"}],"wp:term":[{"taxonomy":"category","embeddable":true,"href":"https:\/\/zonaroja.com.mx\/index.php?rest_route=%2Fwp%2Fv2%2Fcategories&post=58467"},{"taxonomy":"post_tag","embeddable":true,"href":"https:\/\/zonaroja.com.mx\/index.php?rest_route=%2Fwp%2Fv2%2Ftags&post=58467"}],"curies":[{"name":"wp","href":"https:\/\/api.w.org\/{rel}","templated":true}]}}