{"id":58470,"date":"2023-08-07T17:23:51","date_gmt":"2023-08-07T22:23:51","guid":{"rendered":"http:\/\/www.zonaroja.com.mx\/?p=58470"},"modified":"2023-08-07T17:23:56","modified_gmt":"2023-08-07T22:23:56","slug":"exigen-justicia-y-atencion-a-dos-meses-de-ataque-armado-en-san-miguel-el-grande","status":"publish","type":"post","link":"https:\/\/zonaroja.com.mx\/?p=58470","title":{"rendered":"Exigen justicia y atenci\u00f3n, a dos meses de ataque armado en San Miguel El Grande"},"content":{"rendered":"\n<p>Yuridiana Sosa\/Zona Roja.<\/p>\n\n\n\n<p>Oaxaca de Ju\u00e1rez, Oax., a 7 de agosto de 2023.- Autoridades municipales y agrarias de San Miguel El Grande protestaron de forma pac\u00edfica afuera de Palacio de Gobierno, en la capital, para exigir justicia y paz tras el ataque armado sufrido el 5 de mayo por sus vecinos de Llano de Guadalupe, por un conflicto agrario.<\/p>\n\n\n\n<p>El presidente municipal, Arc\u00e1ngel Ortiz Cruz, se\u00f1al\u00f3 que la poblaci\u00f3n vive con el temor de otro ataque, pues la comunidad vecina contin\u00faa con actos de acoso de forma violenta, pese a la presencia de la Guardia Nacional, Polic\u00eda Estatal y de la Agencia Estatal de Investigaci\u00f3n (AEI), de la Fiscal\u00eda de Oaxaca.<\/p>\n\n\n\n<p>Apunt\u00f3 que no se trata s\u00f3lo de una exigencia de las autoridades, sino de los deudos y v\u00edctimas del ataque en el que se registr\u00f3 la quema de m\u00e1s de 18 viviendas, m\u00e1s de 10 heridos de bala, y el asesinato de los habitantes Abd\u00f3n Cruz L\u00f3pez, Odil\u00f3n Cruz Ortiz y Juan Mendoza L\u00f3pez.<\/p>\n\n\n\n<p>El edil y el Comisariado Paulo Mendoza, reconocieron que han existido pl\u00e1ticas con el fiscal General, Bernardo Rodr\u00edguez Alamilla, sin embargo, no se ven resultados con la ejecuci\u00f3n de \u00f3rdenes de aprehensi\u00f3n, por lo que demandan la atenci\u00f3n del gobernador Salom\u00f3n Jara Cruz para avanzar en el caso.<\/p>\n\n\n\n<p>\u201cEl gobernador prometi\u00f3 que no habr\u00eda impunidad en Oaxaca\u201d, indic\u00f3 el presidente municipal para solicitar una audiencia con el mandatario.<\/p>\n\n\n\n<p>El Comisariado de Bienes Comunales, Paulo Mendoza, record\u00f3 que previo al ataque exist\u00edan mesas de di\u00e1logo en la que particip\u00f3 la comunidad de Llano de Guadalupe, misma que en los primeros encuentros en el mes de abril mostr\u00f3 disposici\u00f3n para que se restableciera la paz.<\/p>\n\n\n\n<p>La pr\u00f3xima reuni\u00f3n estaba programada para el 12 de mayo, en la que tambi\u00e9n llevar\u00edan sus documentos sobre las tierras que disputan, que son unas mil 900 hect\u00e1reas; sin embargo, el ataque ocurri\u00f3 el 5 de mayo.<\/p>\n\n\n\n<p>De acuerdo a las autoridades, San Miguel El Grande tiene la posesi\u00f3n de las tierras y el asentamiento de\u00a0Llano\u00a0de\u00a0Guadalupe\u00a0se encuentra en tierras comunales que pertenecen a su territorio.<\/p>\n\n\n\n<figure class=\"wp-block-embed is-type-rich is-provider-twitter wp-block-embed-twitter\"><div class=\"wp-block-embed__wrapper\">\n<div class=\"twitter-tweet\"><blockquote class=\"twitter-tweet\" data-lang=\"es\"><p lang=\"es\" dir=\"ltr\">Autoridades agrarias y administrativas de San Miguel El Grande se mantienen en el exterior del Palacio de Gobierno de <a href=\"https:\/\/twitter.com\/hashtag\/Oaxaca?src=hash&amp;ref_src=twsrc%5Etfw\">#Oaxaca<\/a>, para exigir soluci\u00f3n al problema agrario y justicia pronta al asesinato de tres personas, tras el ataque de la comunidad vecina. <a href=\"https:\/\/t.co\/bcgKTuBs1H\">pic.twitter.com\/bcgKTuBs1H<\/a><\/p>&mdash; Zona Roja Oaxaca (@ZonaRoja_Oaxaca) <a href=\"https:\/\/twitter.com\/ZonaRoja_Oaxaca\/status\/1688620163552391168?ref_src=twsrc%5Etfw\">7 de agosto de 2023<\/a><\/blockquote><\/div>\n<\/div><\/figure>\n","protected":false},"excerpt":{"rendered":"<p>Yuridiana Sosa\/Zona Roja. Oaxaca de Ju\u00e1rez, Oax., a 7 de agosto de 2023.- Autoridades municipales&hellip;<\/p>\n","protected":false},"author":2,"featured_media":58473,"comment_status":"closed","ping_status":"open","sticky":false,"template":"","format":"standard","meta":{"_lmt_disableupdate":"","_lmt_disable":"","_jetpack_memberships_contains_paid_content":false,"footnotes":""},"categories":[109,47],"tags":[3475],"class_list":["post-58470","post","type-post","status-publish","format-standard","has-post-thumbnail","hentry","category-minuto-a-minuto","category-zona-gris","tag-san-miguel-el-grande"],"jetpack_featured_media_url":"https:\/\/zonaroja.com.mx\/wp-content\/uploads\/2023\/08\/Protesta-San-Miguel-el-Grande-en-la-capital.jpg","jetpack_sharing_enabled":true,"_links":{"self":[{"href":"https:\/\/zonaroja.com.mx\/index.php?rest_route=\/wp\/v2\/posts\/58470","targetHints":{"allow":["GET"]}}],"collection":[{"href":"https:\/\/zonaroja.com.mx\/index.php?rest_route=\/wp\/v2\/posts"}],"about":[{"href":"https:\/\/zonaroja.com.mx\/index.php?rest_route=\/wp\/v2\/types\/post"}],"author":[{"embeddable":true,"href":"https:\/\/zonaroja.com.mx\/index.php?rest_route=\/wp\/v2\/users\/2"}],"replies":[{"embeddable":true,"href":"https:\/\/zonaroja.com.mx\/index.php?rest_route=%2Fwp%2Fv2%2Fcomments&post=58470"}],"version-history":[{"count":1,"href":"https:\/\/zonaroja.com.mx\/index.php?rest_route=\/wp\/v2\/posts\/58470\/revisions"}],"predecessor-version":[{"id":58474,"href":"https:\/\/zonaroja.com.mx\/index.php?rest_route=\/wp\/v2\/posts\/58470\/revisions\/58474"}],"wp:featuredmedia":[{"embeddable":true,"href":"https:\/\/zonaroja.com.mx\/index.php?rest_route=\/wp\/v2\/media\/58473"}],"wp:attachment":[{"href":"https:\/\/zonaroja.com.mx\/index.php?rest_route=%2Fwp%2Fv2%2Fmedia&parent=58470"}],"wp:term":[{"taxonomy":"category","embeddable":true,"href":"https:\/\/zonaroja.com.mx\/index.php?rest_route=%2Fwp%2Fv2%2Fcategories&post=58470"},{"taxonomy":"post_tag","embeddable":true,"href":"https:\/\/zonaroja.com.mx\/index.php?rest_route=%2Fwp%2Fv2%2Ftags&post=58470"}],"curies":[{"name":"wp","href":"https:\/\/api.w.org\/{rel}","templated":true}]}}