{"id":58480,"date":"2023-08-07T20:21:11","date_gmt":"2023-08-08T01:21:11","guid":{"rendered":"http:\/\/www.zonaroja.com.mx\/?p=58480"},"modified":"2023-08-07T20:21:15","modified_gmt":"2023-08-08T01:21:15","slug":"suman-5-crimenes-y-ataque-armado-en-zona-triqui-este-lunes-en-oaxaca","status":"publish","type":"post","link":"https:\/\/zonaroja.com.mx\/?p=58480","title":{"rendered":"Suman 5 cr\u00edmenes y ataque armado en zona triqui, este lunes en Oaxaca"},"content":{"rendered":"\n<p>Ismael Garc\u00eda M.\/Zona Roja.<\/p>\n\n\n\n<p>Oaxaca de Ju\u00e1rez, Oax., a 7 de agosto de 2023.- Al menos cinco asesinatos, entre ellos el de una mujer, se han perpetrado en Oaxaca este lunes en menos de 12 horas, a lo que se suma un ataque armado en la zona Triqui, con saldo de dos lesionadas, y un asalto bancario en el Istmo.<\/p>\n\n\n\n<p>En Huajuapan de Le\u00f3n, una mujer de aproximadamente 32 a\u00f1os de edad fue asesinada a balazos en un local comercial ubicado en la avenida Para\u00edso de la agencia Santa Teresa.<\/p>\n\n\n\n<p>Sujetos armados ingresaron al establecimiento y dispararon directamente en contra de la femenina, identificada como Adela P., adem\u00e1s de lesionar a su pareja, Pedro N., tras lo cual huyeron; a falta de vigilancia policiaca en la zona, a\u00fan no hay personas detenidas.<\/p>\n\n\n\n<p>PADRE E HIJO<\/p>\n\n\n\n<p>En Santiago Tetepec, municipio coste\u00f1o del distrito de Jamiltepec, fueron ultimados a balazos padre e hijo, en el interior de su camioneta de pasaje y carga, cuando viajaban rumbo a la comunidad de Uni\u00f3n Lindavista.<\/p>\n\n\n\n<p>Respondieron en vida a los nombres de Arnulfo Asunci\u00f3n S. R., de 60 a\u00f1os de edad, y su hijo Roberto S. V., de 40 a\u00f1os de edad; a\u00fan se desconoce el m\u00f3vil del doble homicidio.<\/p>\n\n\n\n<p>En Santa Mar\u00eda Mixtequilla ocurri\u00f3 otro crimen por segundo d\u00eda; en un camino de terracer\u00eda de dicha poblaci\u00f3n istme\u00f1a fue hallado el cuerpo de Jes\u00fas Israel \u201cN\u201d, de 32 a\u00f1os de edad, quien presenta varios impactos de arma de fuego.<\/p>\n\n\n\n<p>En San Juan Bautista Tuxtepec, los cr\u00edmenes van al alza y la ma\u00f1ana de hoy fue ultimado Jos\u00e9 \u00c1ngel C. M., de 29 a\u00f1os de edad.<\/p>\n\n\n\n<p>Alrededor de las 06:00 horas fue ejecutado en el ejido Loma Alta y tampoco hay personas detenidas por este crimen; adem\u00e1s, hubo un individuo lesionado, que fue trasladado a un hospital.<\/p>\n\n\n\n<p>ATAQUE TRIQUI<\/p>\n\n\n\n<p>Por otra parte, integrantes de la organizaci\u00f3n MULT denunciaron que este lunes al mediod\u00eda, ocurri\u00f3 una emboscada en contra de sus militantes, incluyendo la autoridad auxiliar de San Juan Copala, presuntamente cometida por el Movimiento de Unificaci\u00f3n y Lucha Triqui Independiente (MULTI), con saldo de dos mujeres lesionadas.<\/p>\n\n\n\n<p>Ocurri\u00f3 en la carretera Juxtlahuaca-Putla de la regi\u00f3n Mixteca, a la altura del crucero a la comunidad de La Cumbre Yerba Santa; la organizaci\u00f3n social pidi\u00f3 justicia por este ataque armado.<\/p>\n\n\n\n<p>Mientras que en el municipio de Salina Cruz, una mujer fue asaltada en la sucursal bancaria de Scotiabank, ubicada en la calle Mazatl\u00e1n, del centro de esa ciudad porte\u00f1a.<\/p>\n\n\n\n<p>Polic\u00edas arribaron a la zona despu\u00e9s de los hechos y corroboraron la presencia de una femenina con crisis nerviosa, quien denunci\u00f3 el asalto armado del que fue v\u00edctima, pero no mencion\u00f3 el monto del hurto; los uniformados montaron operativos pero no han dado con el autor de este delito.<\/p>\n","protected":false},"excerpt":{"rendered":"<p>Ismael Garc\u00eda M.\/Zona Roja. Oaxaca de Ju\u00e1rez, Oax., a 7 de agosto de 2023.- Al&hellip;<\/p>\n","protected":false},"author":2,"featured_media":58471,"comment_status":"closed","ping_status":"open","sticky":false,"template":"","format":"standard","meta":{"_lmt_disableupdate":"","_lmt_disable":"","_jetpack_memberships_contains_paid_content":false,"footnotes":""},"categories":[109,51],"tags":[594],"class_list":["post-58480","post","type-post","status-publish","format-standard","has-post-thumbnail","hentry","category-minuto-a-minuto","category-zona-roja","tag-huajuapan-de-leon"],"jetpack_featured_media_url":"https:\/\/zonaroja.com.mx\/wp-content\/uploads\/2023\/08\/Asesinados-Tetepec-Jamiltepec.jpg","jetpack_sharing_enabled":true,"_links":{"self":[{"href":"https:\/\/zonaroja.com.mx\/index.php?rest_route=\/wp\/v2\/posts\/58480","targetHints":{"allow":["GET"]}}],"collection":[{"href":"https:\/\/zonaroja.com.mx\/index.php?rest_route=\/wp\/v2\/posts"}],"about":[{"href":"https:\/\/zonaroja.com.mx\/index.php?rest_route=\/wp\/v2\/types\/post"}],"author":[{"embeddable":true,"href":"https:\/\/zonaroja.com.mx\/index.php?rest_route=\/wp\/v2\/users\/2"}],"replies":[{"embeddable":true,"href":"https:\/\/zonaroja.com.mx\/index.php?rest_route=%2Fwp%2Fv2%2Fcomments&post=58480"}],"version-history":[{"count":1,"href":"https:\/\/zonaroja.com.mx\/index.php?rest_route=\/wp\/v2\/posts\/58480\/revisions"}],"predecessor-version":[{"id":58481,"href":"https:\/\/zonaroja.com.mx\/index.php?rest_route=\/wp\/v2\/posts\/58480\/revisions\/58481"}],"wp:featuredmedia":[{"embeddable":true,"href":"https:\/\/zonaroja.com.mx\/index.php?rest_route=\/wp\/v2\/media\/58471"}],"wp:attachment":[{"href":"https:\/\/zonaroja.com.mx\/index.php?rest_route=%2Fwp%2Fv2%2Fmedia&parent=58480"}],"wp:term":[{"taxonomy":"category","embeddable":true,"href":"https:\/\/zonaroja.com.mx\/index.php?rest_route=%2Fwp%2Fv2%2Fcategories&post=58480"},{"taxonomy":"post_tag","embeddable":true,"href":"https:\/\/zonaroja.com.mx\/index.php?rest_route=%2Fwp%2Fv2%2Ftags&post=58480"}],"curies":[{"name":"wp","href":"https:\/\/api.w.org\/{rel}","templated":true}]}}