{"id":58491,"date":"2023-08-08T09:30:00","date_gmt":"2023-08-08T14:30:00","guid":{"rendered":"http:\/\/www.zonaroja.com.mx\/?p=58491"},"modified":"2023-08-08T08:01:06","modified_gmt":"2023-08-08T13:01:06","slug":"matan-a-otros-cuatro-en-guerrero-entre-ellos-tres-choferes","status":"publish","type":"post","link":"https:\/\/zonaroja.com.mx\/?p=58491","title":{"rendered":"Matan a otros cuatro en Guerrero, entre ellos tres choferes"},"content":{"rendered":"\n<p>Redacci\u00f3n\/Zona Roja Cdmx.<\/p>\n\n\n\n<p>Ciudad de M\u00e9xico, a 8 de agosto de 2023.- Tres choferes fueron ultimados por hombres armados cuando esperaban su turno de prestar el servicio en igual n\u00famero de camionetas del transporte p\u00fablico, en la base conocida como Crucero, en la colonia Los \u00c1ngeles de Chilpancingo, Guerrero.<\/p>\n\n\n\n<p>El ataque, en el cual una de las unidades fue incendiada, se perpetr\u00f3 antes de las 9 de la ma\u00f1ana de ayer. Los cuerpos de dos de los conductores quedaron a un costado de la unidad quemada y el cad\u00e1ver de uno m\u00e1s dentro de otra camioneta.<\/p>\n\n\n\n<p>Minutos antes, en un restaurante ubicado a nos 200 metros de la base Crucero, una persona que desayunaba fue ejecutada a tiros.<\/p>\n\n\n\n<p>Tras el atentado, organizaciones de transportistas de la zona centro, principalmente las que operan la ruta de Petaquillas a Chilpancingo, suspendieron el servicio, en perjuicio de cientos de pasajeros que tuvieron que caminar por la carretera federal que va de Chilpancingo a Acapulco.<\/p>\n\n\n\n<p>Tambi\u00e9n dejaron de operar las unidades que cubren el trayecto de la cabecera municipal de Tierra Colorada a la capital del estado, as\u00ed como en los poblados de El Ocotito, Buenavista de la Salud, Mohoneras, Mazatl\u00e1n y Palo Blanco, entre otros.<\/p>\n\n\n\n<p>PROBLEMA A\u00d1EJO<\/p>\n\n\n\n<p>Los grupos delincuenciales \u201cLos Ardillos\u201d y \u201cLos Tlacos\u201d se disputan el territorio de esta regi\u00f3n, sin que autoridades de alguno de los tres niveles de gobierno intervengan para evitarlo, acusaron los usuarios afectados.<\/p>\n\n\n\n<p>Ayer en su conferencia ma\u00f1anera, la alcaldesa de Chilpancingo, Norma Hern\u00e1ndez Mart\u00ednez, dijo que su gobierno ha \u201ccoadyuvado con la seguridad, con la polic\u00eda preventiva; nos toca fortalecer la instituci\u00f3n y que los conflictos sociales no se queden en delitos del fuero com\u00fan\u201d.<\/p>\n\n\n\n<p>La morenista record\u00f3 que ella ha sido parte de organizaciones de transportistas en esta capital y que la violencia contra ese gremio no es reciente \u201cse ha padecido desde hace m\u00e1s 15 a\u00f1os. Lamento mucho lo que est\u00e1 sucediendo, pero no vamos a claudicar en lo que me toca hacer; por eso salimos todos los d\u00edas a la calle a generar confianza. Chilpancingo es del pueblo y vamos a reconstruir el tejido social\u201d, dijo.<\/p>\n\n\n\n<p>Dijo que antes de 2018 no hab\u00eda un trabajo conjunto con los tres niveles de gobierno sobre seguridad, pero \u201choy hay una mesa de coordinaci\u00f3n que se centra y trabaja\u201d.<\/p>\n\n\n\n<p>(Informaci\u00f3n de \u201cLa Jornada\u201d)<\/p>\n","protected":false},"excerpt":{"rendered":"<p>Redacci\u00f3n\/Zona Roja Cdmx. Ciudad de M\u00e9xico, a 8 de agosto de 2023.- Tres choferes fueron&hellip;<\/p>\n","protected":false},"author":2,"featured_media":58492,"comment_status":"closed","ping_status":"open","sticky":false,"template":"","format":"standard","meta":{"_lmt_disableupdate":"","_lmt_disable":"","_jetpack_memberships_contains_paid_content":false,"footnotes":""},"categories":[109,51],"tags":[3607],"class_list":["post-58491","post","type-post","status-publish","format-standard","has-post-thumbnail","hentry","category-minuto-a-minuto","category-zona-roja","tag-chilpancingo-guerrero"],"jetpack_featured_media_url":"https:\/\/zonaroja.com.mx\/wp-content\/uploads\/2023\/08\/Choferes-asesinados-Guerrero.webp","jetpack_sharing_enabled":true,"_links":{"self":[{"href":"https:\/\/zonaroja.com.mx\/index.php?rest_route=\/wp\/v2\/posts\/58491","targetHints":{"allow":["GET"]}}],"collection":[{"href":"https:\/\/zonaroja.com.mx\/index.php?rest_route=\/wp\/v2\/posts"}],"about":[{"href":"https:\/\/zonaroja.com.mx\/index.php?rest_route=\/wp\/v2\/types\/post"}],"author":[{"embeddable":true,"href":"https:\/\/zonaroja.com.mx\/index.php?rest_route=\/wp\/v2\/users\/2"}],"replies":[{"embeddable":true,"href":"https:\/\/zonaroja.com.mx\/index.php?rest_route=%2Fwp%2Fv2%2Fcomments&post=58491"}],"version-history":[{"count":1,"href":"https:\/\/zonaroja.com.mx\/index.php?rest_route=\/wp\/v2\/posts\/58491\/revisions"}],"predecessor-version":[{"id":58493,"href":"https:\/\/zonaroja.com.mx\/index.php?rest_route=\/wp\/v2\/posts\/58491\/revisions\/58493"}],"wp:featuredmedia":[{"embeddable":true,"href":"https:\/\/zonaroja.com.mx\/index.php?rest_route=\/wp\/v2\/media\/58492"}],"wp:attachment":[{"href":"https:\/\/zonaroja.com.mx\/index.php?rest_route=%2Fwp%2Fv2%2Fmedia&parent=58491"}],"wp:term":[{"taxonomy":"category","embeddable":true,"href":"https:\/\/zonaroja.com.mx\/index.php?rest_route=%2Fwp%2Fv2%2Fcategories&post=58491"},{"taxonomy":"post_tag","embeddable":true,"href":"https:\/\/zonaroja.com.mx\/index.php?rest_route=%2Fwp%2Fv2%2Ftags&post=58491"}],"curies":[{"name":"wp","href":"https:\/\/api.w.org\/{rel}","templated":true}]}}