{"id":58494,"date":"2023-08-08T10:30:00","date_gmt":"2023-08-08T15:30:00","guid":{"rendered":"http:\/\/www.zonaroja.com.mx\/?p=58494"},"modified":"2023-08-08T08:16:05","modified_gmt":"2023-08-08T13:16:05","slug":"aumenta-a-siete-el-numero-de-personas-asesinadas-en-un-dia-en-oaxaca","status":"publish","type":"post","link":"https:\/\/zonaroja.com.mx\/?p=58494","title":{"rendered":"Aumenta a siete el n\u00famero de personas asesinadas en un d\u00eda en Oaxaca\u00a0"},"content":{"rendered":"\n<p>Ismael Garc\u00eda M.\/Zona Roja.<\/p>\n\n\n\n<p>Oaxaca de Ju\u00e1rez, Oax., a 8 de agosto de 2023.- A siete aument\u00f3 el n\u00famero de personas asesinada ayer lunes en el estado de Oaxaca, en su mayor\u00eda en la regi\u00f3n del Istmo.<\/p>\n\n\n\n<p>En Chahuite, municipio de la zona oriente del Istmo, fue localizado un cuerpo sin vida con impactos de arma de fuego y en estado de descomposici\u00f3n.<\/p>\n\n\n\n<p>El cad\u00e1ver se hall\u00f3 en el callej\u00f3n Las Lindas del barrio Los Conejos, por lo cual personal de la Vicefiscal\u00eda Regional del Istmo inici\u00f3 las indagatorias.<\/p>\n\n\n\n<p>Apenas el s\u00e1bado, en ese municipio tambi\u00e9n fue ejecutada otra persona, identificada como Jos\u00e9 A. R., de 27 a\u00f1os de edad.<\/p>\n\n\n\n<p>Otro caso de ayer ocurri\u00f3 en Juchit\u00e1n de Zaragoza, donde fue ultimada una persona, en un rancho ubicado en el paraje \u201cEl Guayabo\u201d, cuyo crimen presuntamente se deriv\u00f3 de una ri\u00f1a familiar.<\/p>\n\n\n\n<p>Tras ello, polic\u00edas municipales efectuaron una b\u00fasqueda y localizaron a Herminio V., de 27 a\u00f1os de edad, presunto responsable, a quien le hallaron un arma de fuego, por lo cual fue puesto a disposici\u00f3n del Ministerio P\u00fablico.<\/p>\n\n\n\n<p>Como se inform\u00f3, en el transcurso del lunes una mujer fue asesinada en Huajuapan de Le\u00f3n; otra persona del sexo masculino en Santo Domingo Tehuantepec; dos individuos en un camino local que une a Santiago Jamiltepec con Santiago Tetepec, y un individuo en San Juan Bautista Tuxtepec.<\/p>\n\n\n\n<p>Adem\u00e1s, el Movimiento de Unificaci\u00f3n y Lucha Triqui denunci\u00f3 un ataque armado en la regi\u00f3n Mixteca, con saldo de al menos tres personas lesionadas.<\/p>\n","protected":false},"excerpt":{"rendered":"<p>Ismael Garc\u00eda M.\/Zona Roja. Oaxaca de Ju\u00e1rez, Oax., a 8 de agosto de 2023.- A&hellip;<\/p>\n","protected":false},"author":2,"featured_media":55667,"comment_status":"closed","ping_status":"open","sticky":false,"template":"","format":"standard","meta":{"_lmt_disableupdate":"","_lmt_disable":"","_jetpack_memberships_contains_paid_content":false,"footnotes":""},"categories":[109,51],"tags":[1613],"class_list":["post-58494","post","type-post","status-publish","format-standard","has-post-thumbnail","hentry","category-minuto-a-minuto","category-zona-roja","tag-chauites"],"jetpack_featured_media_url":"https:\/\/zonaroja.com.mx\/wp-content\/uploads\/2023\/05\/Escena-del-crimen-violencia.jpg","jetpack_sharing_enabled":true,"_links":{"self":[{"href":"https:\/\/zonaroja.com.mx\/index.php?rest_route=\/wp\/v2\/posts\/58494","targetHints":{"allow":["GET"]}}],"collection":[{"href":"https:\/\/zonaroja.com.mx\/index.php?rest_route=\/wp\/v2\/posts"}],"about":[{"href":"https:\/\/zonaroja.com.mx\/index.php?rest_route=\/wp\/v2\/types\/post"}],"author":[{"embeddable":true,"href":"https:\/\/zonaroja.com.mx\/index.php?rest_route=\/wp\/v2\/users\/2"}],"replies":[{"embeddable":true,"href":"https:\/\/zonaroja.com.mx\/index.php?rest_route=%2Fwp%2Fv2%2Fcomments&post=58494"}],"version-history":[{"count":1,"href":"https:\/\/zonaroja.com.mx\/index.php?rest_route=\/wp\/v2\/posts\/58494\/revisions"}],"predecessor-version":[{"id":58495,"href":"https:\/\/zonaroja.com.mx\/index.php?rest_route=\/wp\/v2\/posts\/58494\/revisions\/58495"}],"wp:featuredmedia":[{"embeddable":true,"href":"https:\/\/zonaroja.com.mx\/index.php?rest_route=\/wp\/v2\/media\/55667"}],"wp:attachment":[{"href":"https:\/\/zonaroja.com.mx\/index.php?rest_route=%2Fwp%2Fv2%2Fmedia&parent=58494"}],"wp:term":[{"taxonomy":"category","embeddable":true,"href":"https:\/\/zonaroja.com.mx\/index.php?rest_route=%2Fwp%2Fv2%2Fcategories&post=58494"},{"taxonomy":"post_tag","embeddable":true,"href":"https:\/\/zonaroja.com.mx\/index.php?rest_route=%2Fwp%2Fv2%2Ftags&post=58494"}],"curies":[{"name":"wp","href":"https:\/\/api.w.org\/{rel}","templated":true}]}}