{"id":58496,"date":"2023-08-08T12:30:00","date_gmt":"2023-08-08T17:30:00","guid":{"rendered":"http:\/\/www.zonaroja.com.mx\/?p=58496"},"modified":"2023-08-08T08:20:14","modified_gmt":"2023-08-08T13:20:14","slug":"rinde-protesta-nuevo-visitador-general-del-consejo-de-la-judicatura-del-pjeo","status":"publish","type":"post","link":"https:\/\/zonaroja.com.mx\/?p=58496","title":{"rendered":"Rinde protesta nuevo Visitador General\u00a0del Consejo de la Judicatura del PJEO"},"content":{"rendered":"\n<p>Redacci\u00f3n\/Zona Roja.<\/p>\n\n\n\n<p>Oaxaca de Ju\u00e1rez, Oax., a 8 de agosto de 2023.- Ante el pleno del Consejo de la Judicatura&nbsp;del Poder Judicial del Estado,&nbsp;el magistrado presidente Eduardo Pinacho S\u00e1nchez tom\u00f3 protesta de ley al maestro Manlio Rigoberto Hern\u00e1ndez Dom\u00ednguez, como nuevo Visitador General, \u00e1rea responsable de vigilar y supervisar el desempe\u00f1o de las y los servidores p\u00fablicos judiciales, as\u00ed como de constatar que el ejercicio de su actividad sea responsable y profesional.<\/p>\n\n\n\n<p>&nbsp;En el acto protocolario, le exhort\u00f3 a&nbsp;conducirse&nbsp;con \u00e9tica, profesionalismo y responsabilidad&nbsp;en&nbsp;la labor encomendada en beneficio de la sociedad, con la visi\u00f3n de humanizar la justicia. Asimismo,&nbsp;reconoci\u00f3 la experiencia y capacidad del jurista,&nbsp;quien se desempe\u00f1aba como juez del Tribunal de Enjuiciamiento del Circuito Judicial de Valles Centrales, con sede en Tanivet.&nbsp;<\/p>\n\n\n\n<p>Manlio Rigoberto Hern\u00e1ndez Dom\u00ednguez, cuenta con&nbsp;carrera judicial y estudios de&nbsp;maestr\u00eda en Derecho Procesal Penal y Juicios Orales&nbsp;y&nbsp;Doctorado en Derecho Penal&nbsp;por&nbsp;el Centro de Estudios de Postgrado S.C.;&nbsp;adem\u00e1s&nbsp;de una reconocida trayectoria&nbsp;en la academia e investigaci\u00f3n jur\u00eddica y como&nbsp;integrante del claustro docente&nbsp;de la Escuela Judicial&nbsp;y catedr\u00e1tico de instituciones educativas de prestigio.&nbsp;<\/p>\n\n\n\n<p>Su nombramiento fue avalado por acuerdo del Pleno del&nbsp;Consejo de la Judicatura, conformado por las consejeras Mar\u00eda Laura Ortiz Aguirre y Aurelia Asunci\u00f3n Mart\u00ednez&nbsp;S\u00e1nchez,&nbsp;as\u00ed como por los consejeros Amado G\u00f3mez G\u00f3mez y Francisco Jos\u00e9 Espinosa Santib\u00e1\u00f1ez, que respaldaron su trayectoria en la instituci\u00f3n.&nbsp;<\/p>\n\n\n\n<p>La&nbsp;Visitadur\u00eda General&nbsp;tiene entre sus obligaciones&nbsp;obtener informaci\u00f3n sobre el funcionamiento de los \u00f3rganos jurisdiccionales de primera instancia&nbsp;a trav\u00e9s de&nbsp;visitas de inspecci\u00f3n ordinarias y extraordinarias y&nbsp;atender las quejas y denuncias en materia penal, civil, familiar, de garant\u00eda o control de legalidad, para adolescentes, ejecuci\u00f3n de sanciones y ejecuci\u00f3n de penas formuladas por la ciudadan\u00eda para su seguimiento.<\/p>\n","protected":false},"excerpt":{"rendered":"<p>Redacci\u00f3n\/Zona Roja. Oaxaca de Ju\u00e1rez, Oax., a 8 de agosto de 2023.- Ante el pleno&hellip;<\/p>\n","protected":false},"author":2,"featured_media":58488,"comment_status":"closed","ping_status":"open","sticky":false,"template":"","format":"standard","meta":{"_lmt_disableupdate":"","_lmt_disable":"","_jetpack_memberships_contains_paid_content":false,"footnotes":""},"categories":[109,46],"tags":[223],"class_list":["post-58496","post","type-post","status-publish","format-standard","has-post-thumbnail","hentry","category-minuto-a-minuto","category-zona-blanca","tag-poder-judicial-de-oaxaca"],"jetpack_featured_media_url":"https:\/\/zonaroja.com.mx\/wp-content\/uploads\/2023\/08\/El-Pleno-del-Consejo-de-la-Judicatura-reconocio-la-trayectoria-del-nuevo-Visitador-General.jpg","jetpack_sharing_enabled":true,"_links":{"self":[{"href":"https:\/\/zonaroja.com.mx\/index.php?rest_route=\/wp\/v2\/posts\/58496","targetHints":{"allow":["GET"]}}],"collection":[{"href":"https:\/\/zonaroja.com.mx\/index.php?rest_route=\/wp\/v2\/posts"}],"about":[{"href":"https:\/\/zonaroja.com.mx\/index.php?rest_route=\/wp\/v2\/types\/post"}],"author":[{"embeddable":true,"href":"https:\/\/zonaroja.com.mx\/index.php?rest_route=\/wp\/v2\/users\/2"}],"replies":[{"embeddable":true,"href":"https:\/\/zonaroja.com.mx\/index.php?rest_route=%2Fwp%2Fv2%2Fcomments&post=58496"}],"version-history":[{"count":1,"href":"https:\/\/zonaroja.com.mx\/index.php?rest_route=\/wp\/v2\/posts\/58496\/revisions"}],"predecessor-version":[{"id":58497,"href":"https:\/\/zonaroja.com.mx\/index.php?rest_route=\/wp\/v2\/posts\/58496\/revisions\/58497"}],"wp:featuredmedia":[{"embeddable":true,"href":"https:\/\/zonaroja.com.mx\/index.php?rest_route=\/wp\/v2\/media\/58488"}],"wp:attachment":[{"href":"https:\/\/zonaroja.com.mx\/index.php?rest_route=%2Fwp%2Fv2%2Fmedia&parent=58496"}],"wp:term":[{"taxonomy":"category","embeddable":true,"href":"https:\/\/zonaroja.com.mx\/index.php?rest_route=%2Fwp%2Fv2%2Fcategories&post=58496"},{"taxonomy":"post_tag","embeddable":true,"href":"https:\/\/zonaroja.com.mx\/index.php?rest_route=%2Fwp%2Fv2%2Ftags&post=58496"}],"curies":[{"name":"wp","href":"https:\/\/api.w.org\/{rel}","templated":true}]}}