{"id":58502,"date":"2023-08-08T14:30:00","date_gmt":"2023-08-08T19:30:00","guid":{"rendered":"http:\/\/www.zonaroja.com.mx\/?p=58502"},"modified":"2023-08-08T08:45:16","modified_gmt":"2023-08-08T13:45:16","slug":"cientificos-declaran-oficialmente-julio-como-el-mes-mas-caluroso-jamas-registrado","status":"publish","type":"post","link":"https:\/\/zonaroja.com.mx\/?p=58502","title":{"rendered":"Cient\u00edficos declaran oficialmente julio como el mes m\u00e1s caluroso jam\u00e1s registrado"},"content":{"rendered":"\n<p>Redacci\u00f3n\/Zona Roja Cdmx.<\/p>\n\n\n\n<p>Ciudad de M\u00e9xico, a 8 de agosto de 2023.- Ahora que se conocen los disparados datos de julio, la organizaci\u00f3n europea que monitorea el clima lo ha hecho oficial: julio de 2023 fue el mes m\u00e1s caluroso jam\u00e1s documentado en la Tierra por un amplio margen.<\/p>\n\n\n\n<p>La temperatura media global de 16,95 grados Celsius durante el mes de julio fue un tercio de grado Celsius m\u00e1s alto que el r\u00e9cord anterior, fijado en 2019, indic\u00f3 el martes el Servicio de Cambio Clim\u00e1tico de Copernicus, una divisi\u00f3n del programa espacial de la Uni\u00f3n Europea. Normalmente, los r\u00e9cords globales de temperaturas se baten por cent\u00e9simas o una d\u00e9cima de grado, de modo que la diferencia es inusual.<\/p>\n\n\n\n<p>\u201cEstos r\u00e9cords tienen sombr\u00edas consecuencias tanto para la gente como para el planeta expuestos a fen\u00f3menos extremos cada vez m\u00e1s frecuentes e intensos\u00bb, dijo la subdirectora de Copernicus, Samantha Burgess. Ha habido olas de calor mortales en el suroeste de Estados Unidos y M\u00e9xico, Europa y Asia. Estudios cient\u00edficos inmediatos atribuyeron el fen\u00f3meno al cambio clim\u00e1tico provocado por la humanidad con la quema de carb\u00f3n, petr\u00f3leo y gas natural.<\/p>\n\n\n\n<p>Los d\u00edas en julio fueron sido m\u00e1s calurosos que los registrados en el pasado desde el 2 de julio. El incremento ha sido tan fuerte que Copernicus y la Organizaci\u00f3n Meteorol\u00f3gica Mundial hicieron un anuncio inusualmente anticipado de que probablemente ser\u00eda el mes m\u00e1s caluroso d\u00edas antes de que terminara. Los c\u00e1lculos del martes hac\u00edan oficial esa declaraci\u00f3n.<\/p>\n\n\n\n<p>El mes fue 1,5 grados Celsius m\u00e1s c\u00e1lido que en la era preindustrial. En 2015, los pa\u00edses del mundo acordaron intentar evitar un calentamiento de largo plazo -medido no en meses o incluso a\u00f1os, sino por d\u00e9cadas- de 1,5 grados m\u00e1s que la era preindustrial.<\/p>\n\n\n\n<p>El mes pasado hizo tanto calor que hubo 0,7 grados Celsius m\u00e1s que en la media de julio entre 1991 y 2020, seg\u00fan Copernicus. Los oc\u00e9anos del mundo estaban medio grado Celsius m\u00e1s calientes que en los 30 a\u00f1os anteriores, y el Atl\u00e1ntico Norte estuvo 1,05 grados Celsius m\u00e1s caliente de la media. La Ant\u00e1rtida registr\u00f3 m\u00ednimos r\u00e9cords de hielo en el mar, un 15% por debajo de la media para esta \u00e9poca del a\u00f1o.<\/p>\n\n\n\n<p>Los registros de Copernicus se remontan a 1940. Esa temperatura ser\u00eda m\u00e1s alta que en ning\u00fan mes documentado por la Oficina Nacional de Administraci\u00f3n Oce\u00e1nica y Atmosf\u00e9rica de Estados Unidos (NOAA, por sus siglas en ingl\u00e9s), y sus registros se remontan a 1850. Pero los cient\u00edficos dicen que en realidad fue el m\u00e1s caluroso en mucho m\u00e1s tiempo.<\/p>\n\n\n\n<p>\u201cEs un r\u00e9cord impresionante y lo convierte de forma bastante clara en el mes m\u00e1s c\u00e1lido en la Tierra en 10 mil a\u00f1os\u201d, dijo Stefan Rahmstorf, cient\u00edfico clim\u00e1tico en el Instituto Postdam de Investigaci\u00f3n Clim\u00e1tica en Alemania. El experto no form\u00f3 parte del equipo de Copernicus.<\/p>\n\n\n\n<p>Rahmstorf mencion\u00f3 estudios que emplean anillos de crecimiento en los \u00e1rboles y otros medios para determinar que la \u00e9poca actual es la m\u00e1s c\u00e1lida desde que comenz\u00f3 el periodo del Holoceno, hace unos 10 mil a\u00f1os. Antes de que comenzara el Holoceno hubo una era glacial, de modo que ser\u00eda l\u00f3gico decir incluso que fue el r\u00e9cord de temperatura m\u00e1s alto en 120 mil a\u00f1os, a\u00f1adi\u00f3.<\/p>\n\n\n\n<p>\u201cNo deber\u00eda preocuparnos julio porque sea un r\u00e9cord, sino porque no ser\u00e1 un r\u00e9cord durante mucho tiempo\u00bb, dijo el cient\u00edfico clim\u00e1tico del Imperial College of London Friederike Otto. \u201cEs un indicador de cu\u00e1nto hemos cambiado el clima. Vivimos en un mundo muy diferente, uno al que nuestras sociedades no est\u00e1n muy bien adaptadas para vivir\u201d.<\/p>\n\n\n\n<p>(Informaci\u00f3n AP en \u201cMilenio\u201d)<\/p>\n","protected":false},"excerpt":{"rendered":"<p>Redacci\u00f3n\/Zona Roja Cdmx. Ciudad de M\u00e9xico, a 8 de agosto de 2023.- Ahora que se&hellip;<\/p>\n","protected":false},"author":2,"featured_media":43828,"comment_status":"closed","ping_status":"open","sticky":false,"template":"","format":"standard","meta":{"_lmt_disableupdate":"","_lmt_disable":"","_jetpack_memberships_contains_paid_content":false,"footnotes":""},"categories":[109,47],"tags":[3583],"class_list":["post-58502","post","type-post","status-publish","format-standard","has-post-thumbnail","hentry","category-minuto-a-minuto","category-zona-gris","tag-ola-de-calor"],"jetpack_featured_media_url":"https:\/\/zonaroja.com.mx\/wp-content\/uploads\/2022\/07\/Ola-de-calor-Europa.jpeg","jetpack_sharing_enabled":true,"_links":{"self":[{"href":"https:\/\/zonaroja.com.mx\/index.php?rest_route=\/wp\/v2\/posts\/58502","targetHints":{"allow":["GET"]}}],"collection":[{"href":"https:\/\/zonaroja.com.mx\/index.php?rest_route=\/wp\/v2\/posts"}],"about":[{"href":"https:\/\/zonaroja.com.mx\/index.php?rest_route=\/wp\/v2\/types\/post"}],"author":[{"embeddable":true,"href":"https:\/\/zonaroja.com.mx\/index.php?rest_route=\/wp\/v2\/users\/2"}],"replies":[{"embeddable":true,"href":"https:\/\/zonaroja.com.mx\/index.php?rest_route=%2Fwp%2Fv2%2Fcomments&post=58502"}],"version-history":[{"count":1,"href":"https:\/\/zonaroja.com.mx\/index.php?rest_route=\/wp\/v2\/posts\/58502\/revisions"}],"predecessor-version":[{"id":58503,"href":"https:\/\/zonaroja.com.mx\/index.php?rest_route=\/wp\/v2\/posts\/58502\/revisions\/58503"}],"wp:featuredmedia":[{"embeddable":true,"href":"https:\/\/zonaroja.com.mx\/index.php?rest_route=\/wp\/v2\/media\/43828"}],"wp:attachment":[{"href":"https:\/\/zonaroja.com.mx\/index.php?rest_route=%2Fwp%2Fv2%2Fmedia&parent=58502"}],"wp:term":[{"taxonomy":"category","embeddable":true,"href":"https:\/\/zonaroja.com.mx\/index.php?rest_route=%2Fwp%2Fv2%2Fcategories&post=58502"},{"taxonomy":"post_tag","embeddable":true,"href":"https:\/\/zonaroja.com.mx\/index.php?rest_route=%2Fwp%2Fv2%2Ftags&post=58502"}],"curies":[{"name":"wp","href":"https:\/\/api.w.org\/{rel}","templated":true}]}}