{"id":58504,"date":"2023-08-08T18:07:07","date_gmt":"2023-08-08T23:07:07","guid":{"rendered":"http:\/\/www.zonaroja.com.mx\/?p=58504"},"modified":"2023-08-08T18:07:10","modified_gmt":"2023-08-08T23:07:10","slug":"muere-mujer-triqui-baleada-ayer-el-mult-insiste-en-culpar-al-multi","status":"publish","type":"post","link":"https:\/\/zonaroja.com.mx\/?p=58504","title":{"rendered":"Muere mujer triqui baleada ayer; el MULT insiste en culpar al MULTI"},"content":{"rendered":"\n<p>Yuridiana Sosa\/Zona Roja.<\/p>\n\n\n\n<p>Oaxaca de Ju\u00e1rez, Oax., a 8 de agosto de 2023.- El Movimiento de Unificaci\u00f3n y Lucha Triqui (MULT) confirm\u00f3 que una de las tres personas emboscadas y agredidas a balazos ayer, muri\u00f3 hoy en la madrugada y se trata de una mujer.<\/p>\n\n\n\n<p>En conferencia de prensa en el exterior del Palacio de Gobierno, insisti\u00f3 en responsabilizar al MULTI, al que incluso acus\u00f3 de fabricar autoatentados, para que la paz no llegue a la zona.<\/p>\n\n\n\n<p>La v\u00edctima fue identificada como Mar\u00eda Gregoria y junto con el agente municipal de San Juan Copala y otra femenina, fueron agredidas a balazos ayer alrededor del mediod\u00eda en la carretera Juxtlahuaca-Putla, a la altura del acceso a la comunidad de La Cumbre Yerbasanta.<\/p>\n\n\n\n<p>El MULT, junto con diversas organizaciones afines, lament\u00f3 a violencia en la zona triqui, donde se han registrado diversos ataques recientes con saldos fatales; en el actual gobierno, van 13 cr\u00edmenes, abund\u00f3.<\/p>\n\n\n\n<p>Uno de los dirigentes, Octavio de Jes\u00fas D\u00edaz, confirm\u00f3 este martes la muerte de una mujer ind\u00edgena durante su intervenci\u00f3n quir\u00fargica por la gravedad de las heridas recibidas; \u201ces lamentable que cada 15 d\u00edas informen sobre el asiento de un compa\u00f1ero o compa\u00f1era\u201d, dijo.<\/p>\n\n\n\n<p>Apuntaron que a un a\u00f1o de otra emboscada contra sus militantes de la comunidad de Tierra Blanca, hasta ahora no hay ning\u00fan detenido.<\/p>\n\n\n\n<p>Por su parte, Emelia Ortiz, advirti\u00f3 que si en Oaxaca no reciben la atenci\u00f3n necesaria, realizar\u00e1n una caravana hacia la Ciudad de M\u00e9xico en busca de atenci\u00f3n del gobierno federal, donde instalar\u00e1n un plant\u00f3n permanente e indefinido frente al Palacio Nacional.<\/p>\n\n\n\n<p>EXIGENCIAS<\/p>\n\n\n\n<p>Adem\u00e1s de la demanda a la Fiscal\u00eda General del Estado de esclarecimiento por el m\u00e1s reciente ataque, el MULT demand\u00f3 justicia por los militantes asesinados y heridos por los paramilitares del Movimiento de Unificaci\u00f3n y Lucha Triqui Independiente (MULTI).<\/p>\n\n\n\n<figure class=\"wp-block-embed is-type-rich is-provider-twitter wp-block-embed-twitter\"><div class=\"wp-block-embed__wrapper\">\n<div class=\"twitter-tweet\"><blockquote class=\"twitter-tweet\" data-lang=\"es\"><p lang=\"es\" dir=\"ltr\"><a href=\"https:\/\/twitter.com\/hashtag\/%C3%9AltimoMinuto?src=hash&amp;ref_src=twsrc%5Etfw\">#\u00daltimoMinuto<\/a><br>En conferencia de prensa, el <a href=\"https:\/\/twitter.com\/siimachumaa?ref_src=twsrc%5Etfw\">@siimachumaa<\/a> confirma que falleci\u00f3 una mujer, de las tres personas heridas ayer en emboscada en la regi\u00f3n Mixteca de Oaxaca, carretera Juxtlahuaca-Putla. <a href=\"https:\/\/t.co\/3yZKodl5U2\">pic.twitter.com\/3yZKodl5U2<\/a><\/p>&mdash; Zona Roja Oaxaca (@ZonaRoja_Oaxaca) <a href=\"https:\/\/twitter.com\/ZonaRoja_Oaxaca\/status\/1688988356028387329?ref_src=twsrc%5Etfw\">8 de agosto de 2023<\/a><\/blockquote><\/div>\n<\/div><\/figure>\n\n\n\n<p>As\u00ed tambi\u00e9n seguridad y libertad de tr\u00e1nsito en los caminos y carreteras de la zona triqui y de la mixteca para sus militantes; castigo a los c\u00f3mplices y grupos que financian a los paramilitares del MULTI; intervenci\u00f3n de Luisa Mar\u00eda Alcalde, secretaria de Gobernaci\u00f3n ante el Fiscal General de Justicia del estado Oaxaca para que presente a los autores materiales e intelectuales de manera pronta y expedita.<\/p>\n\n\n\n<p>Para el gobierno federal solicit\u00f3 atenci\u00f3n y seguimiento inmediato a todos los asesinatos ocurridos por omisi\u00f3n o por complicidad en el estado de Oaxaca.<\/p>\n\n\n\n<p>La organizaci\u00f3n advirti\u00f3: \u201cPermaneceremos en alerta m\u00e1xima y en espera de los resolutivos de la Asamblea General Comunitaria de nuestras comunidades\u201d, as\u00ed como rechazaron todo acto de amenaza contra cualquier integrante de nuestra Coordinaci\u00f3n Pol\u00edtica Colectiva ni contra autoridades triquis afines a su organizaci\u00f3n.<\/p>\n\n\n\n<p>ORGANIZACIONES SE UNEN<\/p>\n\n\n\n<p>Diversas organizaciones se unieron a la exigencia del MULT de frenar la violencia en la zona triqui y mostraron respaldo sobre las acciones que determine para hacer cumplir sus demandas, entre ellas la Red Estatal de V\u00edctimas de Oaxaca \u00abTom\u00e1s Mart\u00ednez\u00bb.<\/p>\n\n\n\n<p>La Red de V\u00edctimas manifest\u00f3 su rechazo a la falta de esclarecimiento de los asesinatos de los compa\u00f1eros de lucha durante este a\u00f1o, por lo que exigieron a los gobierno estatal y federal una pronta y exhaustiva investigaci\u00f3n del ataque ocurrido el 7 de agosto, por el que una mujer perdi\u00f3 la vida y tres m\u00e1s resultados heridos.<\/p>\n\n\n\n<p>\u201cAdvertimos que nos sumaremos a las acciones que convoque el MULT hasta lograr soluci\u00f3n a las demandas de justicia y la pacificaci\u00f3n de la regi\u00f3n triqui\u201d, indic\u00f3 la organizaci\u00f3n en su pronunciamiento.&nbsp;<\/p>\n","protected":false},"excerpt":{"rendered":"<p>Yuridiana Sosa\/Zona Roja. Oaxaca de Ju\u00e1rez, Oax., a 8 de agosto de 2023.- El Movimiento&hellip;<\/p>\n","protected":false},"author":2,"featured_media":58505,"comment_status":"closed","ping_status":"open","sticky":false,"template":"","format":"standard","meta":{"_lmt_disableupdate":"","_lmt_disable":"","_jetpack_memberships_contains_paid_content":false,"footnotes":""},"categories":[109,47],"tags":[867],"class_list":["post-58504","post","type-post","status-publish","format-standard","has-post-thumbnail","hentry","category-minuto-a-minuto","category-zona-gris","tag-movimiento-unificador-de-lucha-triqui-mult"],"jetpack_featured_media_url":"https:\/\/zonaroja.com.mx\/wp-content\/uploads\/2023\/08\/Conferencia-de-prensa-MULT.jpg","jetpack_sharing_enabled":true,"_links":{"self":[{"href":"https:\/\/zonaroja.com.mx\/index.php?rest_route=\/wp\/v2\/posts\/58504","targetHints":{"allow":["GET"]}}],"collection":[{"href":"https:\/\/zonaroja.com.mx\/index.php?rest_route=\/wp\/v2\/posts"}],"about":[{"href":"https:\/\/zonaroja.com.mx\/index.php?rest_route=\/wp\/v2\/types\/post"}],"author":[{"embeddable":true,"href":"https:\/\/zonaroja.com.mx\/index.php?rest_route=\/wp\/v2\/users\/2"}],"replies":[{"embeddable":true,"href":"https:\/\/zonaroja.com.mx\/index.php?rest_route=%2Fwp%2Fv2%2Fcomments&post=58504"}],"version-history":[{"count":1,"href":"https:\/\/zonaroja.com.mx\/index.php?rest_route=\/wp\/v2\/posts\/58504\/revisions"}],"predecessor-version":[{"id":58506,"href":"https:\/\/zonaroja.com.mx\/index.php?rest_route=\/wp\/v2\/posts\/58504\/revisions\/58506"}],"wp:featuredmedia":[{"embeddable":true,"href":"https:\/\/zonaroja.com.mx\/index.php?rest_route=\/wp\/v2\/media\/58505"}],"wp:attachment":[{"href":"https:\/\/zonaroja.com.mx\/index.php?rest_route=%2Fwp%2Fv2%2Fmedia&parent=58504"}],"wp:term":[{"taxonomy":"category","embeddable":true,"href":"https:\/\/zonaroja.com.mx\/index.php?rest_route=%2Fwp%2Fv2%2Fcategories&post=58504"},{"taxonomy":"post_tag","embeddable":true,"href":"https:\/\/zonaroja.com.mx\/index.php?rest_route=%2Fwp%2Fv2%2Ftags&post=58504"}],"curies":[{"name":"wp","href":"https:\/\/api.w.org\/{rel}","templated":true}]}}