{"id":58520,"date":"2023-08-09T08:21:41","date_gmt":"2023-08-09T13:21:41","guid":{"rendered":"http:\/\/www.zonaroja.com.mx\/?p=58520"},"modified":"2023-08-09T08:21:43","modified_gmt":"2023-08-09T13:21:43","slug":"tras-14-horas-de-protesta-policias-doblegan-al-gobierno-de-oaxaca-y-logran-impunidad","status":"publish","type":"post","link":"https:\/\/zonaroja.com.mx\/?p=58520","title":{"rendered":"Tras 14 horas de protesta, polic\u00edas doblegan al gobierno de Oaxaca y logran impunidad"},"content":{"rendered":"\n<p>Ismael Garc\u00eda M.\/Zona Roja.<\/p>\n\n\n\n<p>Oaxaca de Ju\u00e1rez, Oax., a 9 de agosto de 2023.- Luego de unas 14 horas de protesta, un grupo de elementos de la Polic\u00eda Estatal dobleg\u00f3 al gobierno de Oaxaca y logr\u00f3 diversas demandas, adem\u00e1s de impunidad para no ser sancionados por la manifestaci\u00f3n.<\/p>\n\n\n\n<p>Asimismo, consiguieron que el comandante Francisco Santiago Garc\u00eda, conocido como \u201cJaguar\u201d, no fuera cesado acusado de m\u00faltiples irregularidades, como ya lo hab\u00eda determinado las autoridades estatales.<\/p>\n\n\n\n<p>La manifestaci\u00f3n inici\u00f3 alrededor de las ocho de la ma\u00f1ana de ayer en el cuartel general de la Secretar\u00eda de Seguridad y Protecci\u00f3n Ciudadana (SSPC), ubicado en el municipio de Santa Mar\u00eda Coyotepec, cuyo titular minimiz\u00f3 el hecho.<\/p>\n\n\n\n<p>No obstante, la inconformidad creci\u00f3 y despu\u00e9s del mediod\u00eda, los uniformados cerraron totalmente las instalaciones, corrieron al Comisionado de la Polic\u00eda Estatal y sellaron las puertas de las oficinas.<\/p>\n\n\n\n<p>Fue hasta la tarde en que arrib\u00f3 la titular del Secretariado Ejecutivo del Sistema Estatal de Seguridad P\u00fablica, Karina Bar\u00f3n Ortiz, y la subsecretaria de la Secretar\u00eda de Gobierno, Yesenia Nolasco.<\/p>\n\n\n\n<p>Adem\u00e1s, estuvo Miguel \u00c1ngel L\u00f3pez Ortiz, quien se present\u00f3 como coordinador de asesores del Secretariado, pero es un m\u00e9dico del IMSS que fue cesado en Tlaxiaco, por violencia de g\u00e9nero contra cuatro enfermeras; adem\u00e1s, tiene se\u00f1alamientos de corrupci\u00f3n y peculado.<\/p>\n\n\n\n<p>Luego del largo di\u00e1logo en el patio del cuartel, las autoridades estatales fueron convencidas de firmar una minuta de trabajo, en que los uniformados emplazaron el cumplimiento de las demandas en un lapso de 15 d\u00edas.<\/p>\n\n\n\n<p>Entre ellas, la revisi\u00f3n de la calidad y cantidad de alimentos; la revisi\u00f3n del adeudo de vi\u00e1ticos, as\u00ed como del tabulador de esta prestaci\u00f3n; dotaci\u00f3n de uniformes completos y de calidad.<\/p>\n\n\n\n<p>Tambi\u00e9n, se informe de los avances respecto a la situaci\u00f3n del incremento salarial y del otorgamiento de pensiones.<\/p>\n\n\n\n<p>\u201cRevisi\u00f3n de los procesos administrativos que se han iniciado en contra de polic\u00edas en la Direcci\u00f3n de Asuntos Internos y de la Comisi\u00f3n de Honor y Justicia\u201d, se lee en el punto seis.<\/p>\n\n\n\n<p>Aunado a ello, el compromiso de dar seguimiento a la atenci\u00f3n m\u00e9dica brindada por el Instituto Mexicano del Seguro Social que esta sea digna y suficiente.<\/p>\n\n\n\n<p>\u201cSe comprometen a no tomar ninguna represalia en contra del C. Francisco Santiago Garc\u00eda, as\u00ed como de los elementos policiales que brindaron el apoyo a la solicitud para la continuidad de seguir desempe\u00f1ando su cargo y funciones dentro de esta corporaci\u00f3n\u201d, establece el documento signado por ambas partes.<\/p>\n\n\n\n<figure class=\"wp-block-embed is-type-rich is-provider-twitter wp-block-embed-twitter\"><div class=\"wp-block-embed__wrapper\">\n<div class=\"twitter-tweet\"><blockquote class=\"twitter-tweet\" data-lang=\"es\"><p lang=\"es\" dir=\"ltr\"><a href=\"https:\/\/twitter.com\/hashtag\/%C3%9AltimoMinuto?src=hash&amp;ref_src=twsrc%5Etfw\">#\u00daltimoMinuto<\/a> <br>Concluye la reuni\u00f3n de polic\u00edas con autoridades del <a href=\"https:\/\/twitter.com\/GobOax?ref_src=twsrc%5Etfw\">@GobOax<\/a>.<br>Logran que no cesen al comandante Francisco Santiago Garc\u00eda.<br>Dan plazo de 15 d\u00edas para que atiendan todas las demandas, entre ellas la dotaci\u00f3n de uniformes y pago de vi\u00e1ticos.<br>Firman y aceptan las\u2026 <a href=\"https:\/\/t.co\/q31onMKNJJ\">pic.twitter.com\/q31onMKNJJ<\/a><\/p>&mdash; Zona Roja Oaxaca (@ZonaRoja_Oaxaca) <a href=\"https:\/\/twitter.com\/ZonaRoja_Oaxaca\/status\/1689118111788642304?ref_src=twsrc%5Etfw\">9 de agosto de 2023<\/a><\/blockquote><\/div>\n<\/div><\/figure>\n\n\n\n<p>VERSI\u00d3N OFICIAL<\/p>\n\n\n\n<p>Por su parte, el Gobierno del Estado inform\u00f3 anoche, en un comunicado, que mantiene el compromiso de dignificaci\u00f3n de la labor policial.<\/p>\n\n\n\n<p>\u201cEn cumplimiento a la instrucci\u00f3n del Gobernador del Estado, Salom\u00f3n Jara Cruz; la secretaria Ejecutiva del Sistema Estatal de Seguridad P\u00fablica (SESESP), Karina Bar\u00f3n Ortiz se reuni\u00f3 con elementos de la Polic\u00eda Estatal que la ma\u00f1ana de este martes manifestaron inconformidad ante el dictamen del Consejo de Honor y Justicia de esa corporaci\u00f3n en torno al caso de un integrante de la misma.<\/p>\n\n\n\n<p>\u201cA las instalaciones del Cuartel General de la Polic\u00eda Estatal ubicado en Santa Mar\u00eda Coyotepec arrib\u00f3 la funcionaria en compa\u00f1\u00eda del subsecretario de Prevenci\u00f3n y Reinserci\u00f3n Social de la Secretar\u00eda de Seguridad y Protecci\u00f3n Ciudadana (SSPC), Roberto Claudio Castillo Ram\u00edrez y la subsecretaria de Fortalecimiento Municipal de la Secretar\u00eda de Gobierno (SEGO), Yesenia Nolasco Ram\u00edrez.<\/p>\n\n\n\n<p>\u201cEsto, para hacer efectivo el compromiso del titular del Ejecutivo Estatal de no escatimar esfuerzos por la dignificaci\u00f3n de la labor de quienes salvaguardan el orden y la tranquilidad en el territorio oaxaque\u00f1o.<\/p>\n\n\n\n<p>\u201cDel encuentro derivaron acuerdos en beneficio de las y los uniformados, como es el caso de la revisi\u00f3n de la calidad y cantidad de v\u00edveres, as\u00ed como de los proveedores de los mismos. En cuanto al adeudo de vi\u00e1ticos, se realizar\u00e1 lo necesario para cubrir su pago y se examinar\u00e1 que el tabulador corresponda a la comisi\u00f3n y necesidades del servicio.<\/p>\n\n\n\n<p>\u201cAdem\u00e1s, se fortalecer\u00e1n los trabajos para alcanzar el objetivo de pensiones y salarios dignos, program\u00e1ndose el informe de avances de dichos oficios, de manera mensual. De la misma manera, se dar\u00e1 seguimiento a la atenci\u00f3n m\u00e9dica brindada para que la misma sea adecuada y suficiente para las y los uniformados.<\/p>\n\n\n\n<p>\u201cEn la reuni\u00f3n p\u00fablica sostenida se hizo patente que la actual administraci\u00f3n continuar\u00e1 trabajando para resarcir los rezagos y hacer posible que las y los polic\u00edas ejerzan su labor con todas las herramientas y recursos necesarios para alcanzar un Oaxaca con paz y justicia\u201d, refiere el comunicado.<\/p>\n","protected":false},"excerpt":{"rendered":"<p>Ismael Garc\u00eda M.\/Zona Roja. Oaxaca de Ju\u00e1rez, Oax., a 9 de agosto de 2023.- Luego&hellip;<\/p>\n","protected":false},"author":2,"featured_media":58522,"comment_status":"closed","ping_status":"open","sticky":false,"template":"","format":"standard","meta":{"_lmt_disableupdate":"","_lmt_disable":"","_jetpack_memberships_contains_paid_content":false,"footnotes":""},"categories":[109,47],"tags":[820],"class_list":["post-58520","post","type-post","status-publish","format-standard","has-post-thumbnail","hentry","category-minuto-a-minuto","category-zona-gris","tag-secretaria-de-seguridad-y-proteccion-ciudadana"],"jetpack_featured_media_url":"https:\/\/zonaroja.com.mx\/wp-content\/uploads\/2023\/08\/Protesta-policias-Oaxaca-cuartel.jpg","jetpack_sharing_enabled":true,"_links":{"self":[{"href":"https:\/\/zonaroja.com.mx\/index.php?rest_route=\/wp\/v2\/posts\/58520","targetHints":{"allow":["GET"]}}],"collection":[{"href":"https:\/\/zonaroja.com.mx\/index.php?rest_route=\/wp\/v2\/posts"}],"about":[{"href":"https:\/\/zonaroja.com.mx\/index.php?rest_route=\/wp\/v2\/types\/post"}],"author":[{"embeddable":true,"href":"https:\/\/zonaroja.com.mx\/index.php?rest_route=\/wp\/v2\/users\/2"}],"replies":[{"embeddable":true,"href":"https:\/\/zonaroja.com.mx\/index.php?rest_route=%2Fwp%2Fv2%2Fcomments&post=58520"}],"version-history":[{"count":1,"href":"https:\/\/zonaroja.com.mx\/index.php?rest_route=\/wp\/v2\/posts\/58520\/revisions"}],"predecessor-version":[{"id":58523,"href":"https:\/\/zonaroja.com.mx\/index.php?rest_route=\/wp\/v2\/posts\/58520\/revisions\/58523"}],"wp:featuredmedia":[{"embeddable":true,"href":"https:\/\/zonaroja.com.mx\/index.php?rest_route=\/wp\/v2\/media\/58522"}],"wp:attachment":[{"href":"https:\/\/zonaroja.com.mx\/index.php?rest_route=%2Fwp%2Fv2%2Fmedia&parent=58520"}],"wp:term":[{"taxonomy":"category","embeddable":true,"href":"https:\/\/zonaroja.com.mx\/index.php?rest_route=%2Fwp%2Fv2%2Fcategories&post=58520"},{"taxonomy":"post_tag","embeddable":true,"href":"https:\/\/zonaroja.com.mx\/index.php?rest_route=%2Fwp%2Fv2%2Ftags&post=58520"}],"curies":[{"name":"wp","href":"https:\/\/api.w.org\/{rel}","templated":true}]}}