{"id":58524,"date":"2023-08-09T10:30:00","date_gmt":"2023-08-09T15:30:00","guid":{"rendered":"http:\/\/www.zonaroja.com.mx\/?p=58524"},"modified":"2023-08-09T08:24:05","modified_gmt":"2023-08-09T13:24:05","slug":"magistrados-no-podran-ocupar-su-cargo-por-mas-de-siete-anos-determina-congreso","status":"publish","type":"post","link":"https:\/\/zonaroja.com.mx\/?p=58524","title":{"rendered":"Magistrados no podr\u00e1n ocupar su cargo por m\u00e1s de siete a\u00f1os, determina Congreso\u00a0"},"content":{"rendered":"\n<p>Redacci\u00f3n\/Zona Roja.<\/p>\n\n\n\n<p>Oaxaca de Ju\u00e1rez, Oax., a 9 de agosto de 2023.- Con una iniciativa presentada por el diputado Sesul Bola\u00f1os L\u00f3pez y avalada por la Comisi\u00f3n Permanente de Democracia y Participaci\u00f3n Ciudadana, la 65 Legislatura aprob\u00f3 el dictamen con proyecto de decreto por el que se deroga el art\u00edculo 28 Bis de la Ley Org\u00e1nica del Tribunal Electoral del Estado de Oaxaca.&nbsp;<\/p>\n\n\n\n<p>En este sentido, se aprob\u00f3 que se derogue la facultad de que un magistrado contin\u00fae desempe\u00f1ando su cargo por m\u00e1s de siete a\u00f1os en caso de que exista un nuevo nombramiento por parte del Senado de la Rep\u00fablica.&nbsp;<\/p>\n\n\n\n<p>Dentro del proyecto de decreto, se explica que, al ser la duraci\u00f3n de siete a\u00f1os una disposici\u00f3n legal, que aplica para todas las magistraturas electorales de los tribunales locales, \u00e9sta de ninguna manera debe entenderse como un aspecto sobre el cual, las legislaturas estatales tengan libre determinaci\u00f3n ya que se trata de un mandamiento concreto, de estricta aplicaci\u00f3n, ajena a la competencia de los Poderes Legislativos de las entidades federativas.&nbsp;<\/p>\n\n\n\n<p>\u00abLa Sala Superior determin\u00f3 que es infundada la pretensi\u00f3n del ex magistrado, consistente en continuar en el ejercicio del cargo m\u00e1s all\u00e1 del periodo por el que fue nombrado por el Senado, pues ello se contrapone con lo dispuesto en el art\u00edculo 106, p\u00e1rrafo 1 de la Ley General de Instituciones y Procedimientos Electorales\u00bb, expone dicho dictamen.<\/p>\n\n\n\n<p>Este decreto entrar\u00e1 en vigor al d\u00eda siguiente de su publicaci\u00f3n en el Peri\u00f3dico Oficial del Gobierno del Estado de Oaxaca.<\/p>\n","protected":false},"excerpt":{"rendered":"<p>Redacci\u00f3n\/Zona Roja. Oaxaca de Ju\u00e1rez, Oax., a 9 de agosto de 2023.- Con una iniciativa&hellip;<\/p>\n","protected":false},"author":2,"featured_media":48071,"comment_status":"closed","ping_status":"open","sticky":false,"template":"","format":"standard","meta":{"_lmt_disableupdate":"","_lmt_disable":"","_jetpack_memberships_contains_paid_content":false,"footnotes":""},"categories":[109,46],"tags":[2743],"class_list":["post-58524","post","type-post","status-publish","format-standard","has-post-thumbnail","hentry","category-minuto-a-minuto","category-zona-blanca","tag-65-legislatura-del-estado-de-oaxaca"],"jetpack_featured_media_url":"https:\/\/zonaroja.com.mx\/wp-content\/uploads\/2022\/11\/Sede-del-Congreso-Oaxaca-diputados.jpg","jetpack_sharing_enabled":true,"_links":{"self":[{"href":"https:\/\/zonaroja.com.mx\/index.php?rest_route=\/wp\/v2\/posts\/58524","targetHints":{"allow":["GET"]}}],"collection":[{"href":"https:\/\/zonaroja.com.mx\/index.php?rest_route=\/wp\/v2\/posts"}],"about":[{"href":"https:\/\/zonaroja.com.mx\/index.php?rest_route=\/wp\/v2\/types\/post"}],"author":[{"embeddable":true,"href":"https:\/\/zonaroja.com.mx\/index.php?rest_route=\/wp\/v2\/users\/2"}],"replies":[{"embeddable":true,"href":"https:\/\/zonaroja.com.mx\/index.php?rest_route=%2Fwp%2Fv2%2Fcomments&post=58524"}],"version-history":[{"count":1,"href":"https:\/\/zonaroja.com.mx\/index.php?rest_route=\/wp\/v2\/posts\/58524\/revisions"}],"predecessor-version":[{"id":58525,"href":"https:\/\/zonaroja.com.mx\/index.php?rest_route=\/wp\/v2\/posts\/58524\/revisions\/58525"}],"wp:featuredmedia":[{"embeddable":true,"href":"https:\/\/zonaroja.com.mx\/index.php?rest_route=\/wp\/v2\/media\/48071"}],"wp:attachment":[{"href":"https:\/\/zonaroja.com.mx\/index.php?rest_route=%2Fwp%2Fv2%2Fmedia&parent=58524"}],"wp:term":[{"taxonomy":"category","embeddable":true,"href":"https:\/\/zonaroja.com.mx\/index.php?rest_route=%2Fwp%2Fv2%2Fcategories&post=58524"},{"taxonomy":"post_tag","embeddable":true,"href":"https:\/\/zonaroja.com.mx\/index.php?rest_route=%2Fwp%2Fv2%2Ftags&post=58524"}],"curies":[{"name":"wp","href":"https:\/\/api.w.org\/{rel}","templated":true}]}}