{"id":58526,"date":"2023-08-09T11:30:00","date_gmt":"2023-08-09T16:30:00","guid":{"rendered":"http:\/\/www.zonaroja.com.mx\/?p=58526"},"modified":"2023-08-09T08:32:53","modified_gmt":"2023-08-09T13:32:53","slug":"si-hay-errores-en-libros-de-texto-pero-son-areas-de-oportunidad-sep","status":"publish","type":"post","link":"https:\/\/zonaroja.com.mx\/?p=58526","title":{"rendered":"S\u00ed hay errores en libros de texto, pero son \u201c\u00e1reas de oportunidad\u201d: SEP"},"content":{"rendered":"\n<p>Redacci\u00f3n\/Zona Roja Cdmx.<\/p>\n\n\n\n<p>Ciudad de M\u00e9xico, a 9 de agosto de 2023.- Marx Arriaga, director de Materiales Educativos de la Secretar\u00eda de Educaci\u00f3n P\u00fablica (SEP), asegur\u00f3 este martes que se hicieron m\u00e1s de 900 evaluaciones a los nuevos libros de texto gratuitos.<\/p>\n\n\n\n<p>\u201cSab\u00edamos lo que se vendr\u00eda, sabr\u00edamos que vendr\u00edan estos intelectuales org\u00e1nicos a descalificar el material educativo. Entonces convocamos gente para que los leyeran, para que los analizaran, que dieran recomendaciones. \u00bfCu\u00e1ntas evaluaciones se dieron?, 925\u2033, expuso.<\/p>\n\n\n\n<p>Arriaga Navarro dej\u00f3 en claro que \u201chay un proceso donde se corrigen los materiales.&nbsp;Yo no les dir\u00eda errores, sino que les dir\u00eda \u00e1reas de oportunidad\u201d.<\/p>\n\n\n\n<p>Respecto a las cr\u00edticas por la falta de matem\u00e1ticas en los libros, Arriaga segur\u00f3 que \u201cno hay correlaci\u00f3n\u201d entre el n\u00famero de p\u00e1ginas dedicado a un tema y el aprendizaje de los menores.<\/p>\n\n\n\n<p>LIBROS EN INTERNET<\/p>\n\n\n\n<p>La Secretar\u00eda de Educaci\u00f3n P\u00fablica (SEP) public\u00f3 en internet los libros de texto gratuitos de nivel primaria que se utilizar\u00e1n en el ciclo escolar 2023-2024.<\/p>\n\n\n\n<p>La difusi\u00f3n del material se hizo durante la conferencia de prensa que encabez\u00f3 Leticia Ram\u00edrez Amaya, titular de la SEP, para aclarar las pol\u00e9micas relacionadas con este material.<\/p>\n\n\n\n<p>La funcionaria federal revel\u00f3 que los libros est\u00e1n proceso de impresi\u00f3n y se entregar\u00edan este mismo mes de agosto, a tiempo para el regreso a clases.<\/p>\n\n\n\n<p>(Con informaci\u00f3n de L\u00f3pez-D\u00f3riga Digital)<\/p>\n","protected":false},"excerpt":{"rendered":"<p>Redacci\u00f3n\/Zona Roja Cdmx. Ciudad de M\u00e9xico, a 9 de agosto de 2023.- Marx Arriaga, director&hellip;<\/p>\n","protected":false},"author":2,"featured_media":58527,"comment_status":"closed","ping_status":"open","sticky":false,"template":"","format":"standard","meta":{"_lmt_disableupdate":"","_lmt_disable":"","_jetpack_memberships_contains_paid_content":false,"footnotes":""},"categories":[109,47],"tags":[3643],"class_list":["post-58526","post","type-post","status-publish","format-standard","has-post-thumbnail","hentry","category-minuto-a-minuto","category-zona-gris","tag-libros-de-texto-gratuito-mexico"],"jetpack_featured_media_url":"https:\/\/zonaroja.com.mx\/wp-content\/uploads\/2023\/08\/Conferebcia-de-prensa-SEP-libros.jpeg","jetpack_sharing_enabled":true,"_links":{"self":[{"href":"https:\/\/zonaroja.com.mx\/index.php?rest_route=\/wp\/v2\/posts\/58526","targetHints":{"allow":["GET"]}}],"collection":[{"href":"https:\/\/zonaroja.com.mx\/index.php?rest_route=\/wp\/v2\/posts"}],"about":[{"href":"https:\/\/zonaroja.com.mx\/index.php?rest_route=\/wp\/v2\/types\/post"}],"author":[{"embeddable":true,"href":"https:\/\/zonaroja.com.mx\/index.php?rest_route=\/wp\/v2\/users\/2"}],"replies":[{"embeddable":true,"href":"https:\/\/zonaroja.com.mx\/index.php?rest_route=%2Fwp%2Fv2%2Fcomments&post=58526"}],"version-history":[{"count":1,"href":"https:\/\/zonaroja.com.mx\/index.php?rest_route=\/wp\/v2\/posts\/58526\/revisions"}],"predecessor-version":[{"id":58528,"href":"https:\/\/zonaroja.com.mx\/index.php?rest_route=\/wp\/v2\/posts\/58526\/revisions\/58528"}],"wp:featuredmedia":[{"embeddable":true,"href":"https:\/\/zonaroja.com.mx\/index.php?rest_route=\/wp\/v2\/media\/58527"}],"wp:attachment":[{"href":"https:\/\/zonaroja.com.mx\/index.php?rest_route=%2Fwp%2Fv2%2Fmedia&parent=58526"}],"wp:term":[{"taxonomy":"category","embeddable":true,"href":"https:\/\/zonaroja.com.mx\/index.php?rest_route=%2Fwp%2Fv2%2Fcategories&post=58526"},{"taxonomy":"post_tag","embeddable":true,"href":"https:\/\/zonaroja.com.mx\/index.php?rest_route=%2Fwp%2Fv2%2Ftags&post=58526"}],"curies":[{"name":"wp","href":"https:\/\/api.w.org\/{rel}","templated":true}]}}