{"id":58529,"date":"2023-08-09T12:30:00","date_gmt":"2023-08-09T17:30:00","guid":{"rendered":"http:\/\/www.zonaroja.com.mx\/?p=58529"},"modified":"2023-08-09T08:55:01","modified_gmt":"2023-08-09T13:55:01","slug":"aprehende-fiscalia-de-oaxaca-a-acusado-de-secuestro-agravado","status":"publish","type":"post","link":"https:\/\/zonaroja.com.mx\/?p=58529","title":{"rendered":"Aprehende Fiscal\u00eda de Oaxaca a acusado de secuestro agravado"},"content":{"rendered":"\n<p>Redacci\u00f3n\/Zona Roja.<\/p>\n\n\n\n<p>Oaxaca de Ju\u00e1rez, Oax., a 9 de agosto de 2023.- La Fiscal\u00eda General del Estado de Oaxaca, a trav\u00e9s de la Agencia Estatal de Investigaciones (AEI), ejecut\u00f3 una orden de aprehensi\u00f3n en contra de una mujer identificada con las iniciales M.L.A por el delito de Secuestro Agravado cometido en agravio de F.Z.S.<\/p>\n\n\n\n<p>De acuerdo con la causa penal, los hechos ocurrieron el pasado 18 de octubre de 2015, cuando la v\u00edctima fue secuestrada en Mat\u00edas Romero, Oaxaca, tras lo cual la familia recibi\u00f3 llamadas para solicitar dinero a cambio de la libertad de F.Z.S.<\/p>\n\n\n\n<p>Ante ello, elementos de la AEI implementaron un operativo el 22 de octubre de 2015, en el que se logr\u00f3 la detenci\u00f3n de tres personas y una m\u00e1s result\u00f3 lesionada, quien posteriormente perdi\u00f3 la vida; derivado del cual la v\u00edctima fue liberada.<\/p>\n\n\n\n<p>Tras llevar a cabo recursos jur\u00eddicos por parte de la Fiscal\u00eda de Oaxaca para contrarrestar la sentencia absolutoria dictada en 2017 por el Juez que conoci\u00f3 del caso; con fecha 26 de agosto del 2021, el Primer Tribunal Colegiado en Materias Penal y de Trabajo del d\u00e9cimo tercer Circuito, resolvi\u00f3 que la justicia de la uni\u00f3n ampara y protege a la v\u00edctima y, por ende, orden\u00f3 a la Sala del Tribunal Superior del Estado de Oaxaca dictar nueva resoluci\u00f3n.<\/p>\n\n\n\n<p>Ante ello, elementos de la AEI ejecutaron este 7 de agosto una orden de aprehensi\u00f3n por el delito de Secuestro Agravado contra M.L.A, quien ser\u00e1 puesta a disposici\u00f3n del Ministerio P\u00fablico.<\/p>\n\n\n\n<p>La Fiscal\u00eda de Oaxaca refrenda su compromiso de procurar justicia y hacer uso del marco jur\u00eddico para apelar las determinaciones del Poder Judicial, que considera incumplen con los derechos de las v\u00edctimas directas e indirectas de delitos.<\/p>\n\n\n\n<p>HOMICIDA A PRISI\u00d3N&nbsp;<\/p>\n\n\n\n<p>En otro caso, la Fiscal\u00eda General del Estado de Oaxaca obtuvo vinculaci\u00f3n a proceso y prisi\u00f3n preventiva contra una persona del sexo masculino identificada como M.G.L. por el delito de homicidio simple intencionado, cometido en agravio de T.R.P., en hechos ocurridos en la regi\u00f3n de la Costa.<\/p>\n\n\n\n<p>De acuerdo con la causa penal, el pasado 23 de julio de 2023, la v\u00edctima se encontraba en la playa \u201cPuerto Piedra\u201d, perteneciente a Puerto Escondido, cuando el imputado M.G.L. lleg\u00f3 a la zona y tras una discusi\u00f3n lo golpe\u00f3 y posteriormente lo lanz\u00f3 al mar, donde perdi\u00f3 la vida por ahogamiento.<\/p>\n\n\n\n<p>La Vicefiscal\u00eda Regional de la Costa tom\u00f3 conocimiento del caso, por lo que, a trav\u00e9s de un equipo multidisciplinario del Instituto de Servicios Periciales y la Agencia Estatal de Investigaciones, se efectuaron las diligencias correspondientes.<\/p>\n\n\n\n<p>Derivado de las indagatorias se obtuvo la orden de aprehensi\u00f3n en contra de M.G.L., quien tras ser presentado ante el Juez que atiende la causa penal, fue vinculado a proceso, adem\u00e1s de imponer la medida cautelar de prisi\u00f3n preventiva.<\/p>\n\n\n\n<p>La Fiscal\u00eda de Oaxaca realiza trabajos de investigaci\u00f3n bajo una rigurosa t\u00e9cnica que permite, por medio de procesos cient\u00edficos y t\u00e9cnicos, dar resultados concretos y tangibles en materia de procuraci\u00f3n de justicia.<\/p>\n","protected":false},"excerpt":{"rendered":"<p>Redacci\u00f3n\/Zona Roja. Oaxaca de Ju\u00e1rez, Oax., a 9 de agosto de 2023.- La Fiscal\u00eda General&hellip;<\/p>\n","protected":false},"author":2,"featured_media":52354,"comment_status":"closed","ping_status":"open","sticky":false,"template":"","format":"standard","meta":{"_lmt_disableupdate":"","_lmt_disable":"","_jetpack_memberships_contains_paid_content":false,"footnotes":""},"categories":[109,46],"tags":[494],"class_list":["post-58529","post","type-post","status-publish","format-standard","has-post-thumbnail","hentry","category-minuto-a-minuto","category-zona-blanca","tag-fiscalia-general-del-estado-de-oaxaca"],"jetpack_featured_media_url":"https:\/\/zonaroja.com.mx\/wp-content\/uploads\/2023\/03\/Secuestro-secuestrado-plagiado.jpeg","jetpack_sharing_enabled":true,"_links":{"self":[{"href":"https:\/\/zonaroja.com.mx\/index.php?rest_route=\/wp\/v2\/posts\/58529","targetHints":{"allow":["GET"]}}],"collection":[{"href":"https:\/\/zonaroja.com.mx\/index.php?rest_route=\/wp\/v2\/posts"}],"about":[{"href":"https:\/\/zonaroja.com.mx\/index.php?rest_route=\/wp\/v2\/types\/post"}],"author":[{"embeddable":true,"href":"https:\/\/zonaroja.com.mx\/index.php?rest_route=\/wp\/v2\/users\/2"}],"replies":[{"embeddable":true,"href":"https:\/\/zonaroja.com.mx\/index.php?rest_route=%2Fwp%2Fv2%2Fcomments&post=58529"}],"version-history":[{"count":1,"href":"https:\/\/zonaroja.com.mx\/index.php?rest_route=\/wp\/v2\/posts\/58529\/revisions"}],"predecessor-version":[{"id":58530,"href":"https:\/\/zonaroja.com.mx\/index.php?rest_route=\/wp\/v2\/posts\/58529\/revisions\/58530"}],"wp:featuredmedia":[{"embeddable":true,"href":"https:\/\/zonaroja.com.mx\/index.php?rest_route=\/wp\/v2\/media\/52354"}],"wp:attachment":[{"href":"https:\/\/zonaroja.com.mx\/index.php?rest_route=%2Fwp%2Fv2%2Fmedia&parent=58529"}],"wp:term":[{"taxonomy":"category","embeddable":true,"href":"https:\/\/zonaroja.com.mx\/index.php?rest_route=%2Fwp%2Fv2%2Fcategories&post=58529"},{"taxonomy":"post_tag","embeddable":true,"href":"https:\/\/zonaroja.com.mx\/index.php?rest_route=%2Fwp%2Fv2%2Ftags&post=58529"}],"curies":[{"name":"wp","href":"https:\/\/api.w.org\/{rel}","templated":true}]}}