{"id":58534,"date":"2023-08-09T14:30:00","date_gmt":"2023-08-09T19:30:00","guid":{"rendered":"http:\/\/www.zonaroja.com.mx\/?p=58534"},"modified":"2023-08-09T09:09:12","modified_gmt":"2023-08-09T14:09:12","slug":"opinion-antojos-cantina-y-plagio","status":"publish","type":"post","link":"https:\/\/zonaroja.com.mx\/?p=58534","title":{"rendered":"Opini\u00f3n. Antojos, cantina y plagio"},"content":{"rendered":"\n<p>N\u00e9stor Y. S\u00e1nchez Islas<\/p>\n\n\n\n<p>Pocas veces el nombre de un evento&nbsp;aplicado&nbsp;por un funcionario lo ha descrito en su verdadero ser: la \u201csemana del antojo\u201d, realizada durante las fiestas de los Lunes del Cerro en el \u201cLlano\u201d, alrededor del monumento a don Benito Ju\u00e1rez.<\/p>\n\n\n\n<p>Diversos grupos y vecinos pidieron, y despu\u00e9s exigieron al gobierno, no realizar dicho evento en uno de nuestros pocos parques p\u00fablicos que a\u00fan son centro de reuni\u00f3n y convivencia familiar. Pes\u00f3 m\u00e1s el antojo de la titular de turismo, do\u00f1a Saymi Pineda, que las razones para proteger el patrimonio urbano y los pocos \u00e1rboles que ah\u00ed sobreviven.<\/p>\n\n\n\n<p>Las consecuencias son visibles y est\u00e1n documentadas. A las flora le arrojaron aguas jabonosas, aceites y grasas de los alimentos, algunos orines y basura a manos llenas. La reja ornamental que rodeaba el hemiciclo desapareci\u00f3, los pisos de cantera est\u00e1n destrozados y nadie ha respondido por los da\u00f1os. Del ayuntamiento no esperemos nada. Al momento que usted lea esto, ya estar\u00e1 instalada otra gran carpa en el mismo sitio para alg\u00fan otro evento.<\/p>\n\n\n\n<p>Al mismo tiempo de la feria del antojo se instal\u00f3 otra \u201cexpoferia\u201d a un costado de la iglesia de Guadalupe, con lo mismo de siempre: textiles,&nbsp;antojitos grasientos, tallas de madera (falsos alebrijes) y otras artesan\u00edas.&nbsp;El ayuntamiento no dej\u00f3 un solo espacio sin vender.<\/p>\n\n\n\n<p>Adem\u00e1s del da\u00f1o f\u00edsico provocado al patrimonio hist\u00f3rico de los oaxaque\u00f1os la demostraci\u00f3n de poder, la capacidad de antojo demostrada fue innecesaria.&nbsp;Los mensajes&nbsp;que dejan&nbsp;est\u00e1n&nbsp;claros. Lo que en otros estaba mal, en ellos est\u00e1 bien.&nbsp;Tienen todo el poder y est\u00e1n dispuestos a usarlo. Pesa m\u00e1s el futurismo que el respeto al patrimonio ajeno, lo que desenmascara el supuesto juarismo de quienes son parte de la 4T.<\/p>\n\n\n\n<p>La ciudad de Oaxaca no es propiedad de quienes de forma temporal ejercen el poder, su obligaci\u00f3n es administrar los recursos para su cuidado y mantenimiento.<\/p>\n\n\n\n<p>Convertir a la Verde Antequera en una gran cantina y fumadero de mariguana no es sin\u00f3nimo de progresismo&nbsp;ni&nbsp;de avances sociales. Si bien es parad\u00f3jico que la riqueza de Oaxaca se est\u00e9 construyendo sobre la producci\u00f3n de una bebida alcoh\u00f3lica que provoca&nbsp;da\u00f1os y&nbsp;miles de muertes al a\u00f1o, eso no quiere decir que debamos&nbsp;aguantar&nbsp;que en cada espacio p\u00fablico se consuma&nbsp;de manera abierta, sin respeto para la gran mayor\u00eda que ni toma en exceso ni le agrada consumir hierba.<\/p>\n\n\n\n<p>Por las colonias de la ciudad se abren nuevos antros en los que se consumen grandes cantidades de licor y se produce una cantidad considerable de ruido. El turismo de reuniones, como pomposamente se le llama a la organizaci\u00f3n de bodas y eventos ruidosos, es un gran contaminador visual y sonoro del centro hist\u00f3rico. La derrama econ\u00f3mica que produce no justifica que acaben con la vida de los vecinos de esos&nbsp;salones.<\/p>\n\n\n\n<p>La llegada masiva de turistas y la necesidad de ofertarles vida nocturna ha servido como justificaci\u00f3n para esta insana tolerancia, agravaba por las fiestas de julio en&nbsp;que se realiza la feria del mezcal. Los videos de j\u00f3venes sacados a rastras del lugar dieron la vuelta al mundo a trav\u00e9s de las redes. Esa imagen es la que&nbsp;se guarda&nbsp;en la mente de la gente. Todo el trabajo que se realiza para la promoci\u00f3n cultural qued\u00f3&nbsp;destruido en apenas unos segundos que dur\u00f3 la grabaci\u00f3n. Ese es el verdadero mensaje que se transmite de nuestra se\u00f1orial ciudad: somos una cantina a cielo abierto.<\/p>\n\n\n\n<p>Cada d\u00eda que pasa se descubren m\u00e1s errores, y horrores, en los&nbsp;Libros de&nbsp;Texto&nbsp;Gratuitos,&nbsp;LTG,&nbsp;sencillamente mienten.&nbsp;Es un esc\u00e1ndalo la superficialidad con que el gobierno toma un asunto tan serio.<\/p>\n\n\n\n<p>Con informaci\u00f3n de Pedro Sila Alan\u00eds en EL IMPARCIAL, nos enteramos de que, en su ignorancia infinita, los autores de los LTG incluyen a los alebrijes como artesan\u00eda oaxaque\u00f1a. Ni siquiera investigaron nada, simplemente aplicaron la t\u00e9cnica de la ministra Yasm\u00edn Esquivel de copiar y pegar textos&nbsp;ajenos.<\/p>\n\n\n\n<p>Legalmente en Oaxaca no se pueden producir \u201calebrijes\u201d. Las tallas de madera que aqu\u00ed se producen&nbsp;deben llamarse&nbsp;\u201ctonas o nahuales\u201d, a pesar de que el fen\u00f3meno del nahualismo se dio m\u00e1s en otras culturas mesoamericanas que en la zapoteca, se&nbsp;les dio ese nombre. Esas figuras de madera son un plagio de los alebrijes de cart\u00f3n de Pedro Linares, el inventor de los monos y de la palabra que los nombra. Los alebrijes est\u00e1n reconocidos como patrimonio cultural de la CDMX.<\/p>\n\n\n\n<p>En el&nbsp;pintado&nbsp;tampoco son originales. En su primera etapa estaban decorados con pinturas fluorescentes. La siguiente etapa fue una especie de puntillismo y la etapa actual, grecas le llaman,&nbsp;es una copia de la t\u00e9cnica del teselado, que consiste en llenar de figuras geom\u00e9tricas una superficie. Esta t\u00e9cnica fue desarrollada por los \u00e1rabes gracias a sus conocimiento en matem\u00e1ticas&nbsp;hace mil a\u00f1os. Del arte musulm\u00e1n se difundi\u00f3 para el mundo y fue copiado por campesinos oaxaque\u00f1os convertidos en artesanos moneros&nbsp;en a\u00f1os recientes.&nbsp;Ni los alebrijes ni el teselado son oaxaque\u00f1os ni ancestrales.<\/p>\n\n\n\n<p>nestoryuri@yahoo.com<\/p>\n","protected":false},"excerpt":{"rendered":"<p>N\u00e9stor Y. S\u00e1nchez Islas Pocas veces el nombre de un evento&nbsp;aplicado&nbsp;por un funcionario lo ha&hellip;<\/p>\n","protected":false},"author":2,"featured_media":41861,"comment_status":"closed","ping_status":"open","sticky":false,"template":"","format":"standard","meta":{"_lmt_disableupdate":"","_lmt_disable":"","_jetpack_memberships_contains_paid_content":false,"footnotes":""},"categories":[456,109],"tags":[3050],"class_list":["post-58534","post","type-post","status-publish","format-standard","has-post-thumbnail","hentry","category-columna","category-minuto-a-minuto","tag-nestor-yuri-sanchez"],"jetpack_featured_media_url":"https:\/\/zonaroja.com.mx\/wp-content\/uploads\/2022\/05\/Opinion-Nestor-Yuri-Sanchez-Islas.jpg","jetpack_sharing_enabled":true,"_links":{"self":[{"href":"https:\/\/zonaroja.com.mx\/index.php?rest_route=\/wp\/v2\/posts\/58534","targetHints":{"allow":["GET"]}}],"collection":[{"href":"https:\/\/zonaroja.com.mx\/index.php?rest_route=\/wp\/v2\/posts"}],"about":[{"href":"https:\/\/zonaroja.com.mx\/index.php?rest_route=\/wp\/v2\/types\/post"}],"author":[{"embeddable":true,"href":"https:\/\/zonaroja.com.mx\/index.php?rest_route=\/wp\/v2\/users\/2"}],"replies":[{"embeddable":true,"href":"https:\/\/zonaroja.com.mx\/index.php?rest_route=%2Fwp%2Fv2%2Fcomments&post=58534"}],"version-history":[{"count":1,"href":"https:\/\/zonaroja.com.mx\/index.php?rest_route=\/wp\/v2\/posts\/58534\/revisions"}],"predecessor-version":[{"id":58535,"href":"https:\/\/zonaroja.com.mx\/index.php?rest_route=\/wp\/v2\/posts\/58534\/revisions\/58535"}],"wp:featuredmedia":[{"embeddable":true,"href":"https:\/\/zonaroja.com.mx\/index.php?rest_route=\/wp\/v2\/media\/41861"}],"wp:attachment":[{"href":"https:\/\/zonaroja.com.mx\/index.php?rest_route=%2Fwp%2Fv2%2Fmedia&parent=58534"}],"wp:term":[{"taxonomy":"category","embeddable":true,"href":"https:\/\/zonaroja.com.mx\/index.php?rest_route=%2Fwp%2Fv2%2Fcategories&post=58534"},{"taxonomy":"post_tag","embeddable":true,"href":"https:\/\/zonaroja.com.mx\/index.php?rest_route=%2Fwp%2Fv2%2Ftags&post=58534"}],"curies":[{"name":"wp","href":"https:\/\/api.w.org\/{rel}","templated":true}]}}