{"id":58536,"date":"2023-08-09T15:30:00","date_gmt":"2023-08-09T20:30:00","guid":{"rendered":"http:\/\/www.zonaroja.com.mx\/?p=58536"},"modified":"2023-08-09T09:11:46","modified_gmt":"2023-08-09T14:11:46","slug":"la-antartida-se-ve-golpeada-por-fenomenos-climaticos-extremos-segun-los-cientificos","status":"publish","type":"post","link":"https:\/\/zonaroja.com.mx\/?p=58536","title":{"rendered":"La Ant\u00e1rtida se ve golpeada por fen\u00f3menos clim\u00e1ticos extremos, seg\u00fan los cient\u00edficos"},"content":{"rendered":"\n<p>Redacci\u00f3n\/Zona Roja Cdmx.<\/p>\n\n\n\n<p>Ciudad de M\u00e9xico, a 9 de agosto de 2023.- Incluso en la Ant\u00e1rtida, uno de los lugares m\u00e1s remotos y desolados de la Tierra, los cient\u00edficos est\u00e1n registrando r\u00e9cords de temperatura y un incremento del tama\u00f1o y el n\u00famero de fen\u00f3menos meteorol\u00f3gicos desmedidos.<\/p>\n\n\n\n<p>El continente m\u00e1s meridional del planeta no est\u00e1 aislado del tiempo extremo asociado con el cambio clim\u00e1tico causado por la humanidad, seg\u00fan un nuevo reporte en Frontiers in Environmental Science que intenta mostrar una visi\u00f3n global coherente de un lugar que ha sido una anomal\u00eda ante el cambio clim\u00e1tico. Su lado occidental, y en especial su pen\u00ednsula, han registrado un dr\u00e1stico deshielo que amenaza con enormes subidas del nivel del mar durante los pr\u00f3ximos siglos, mientras que su lado oriental ha ganado hielo en ocasiones.<\/p>\n\n\n\n<p>Un glaciar occidental se est\u00e1 derritiendo tan r\u00e1pido que los cient\u00edficos lo apodan \u201cel glaciar del fin del mundo\u201d, y hay un esfuerzo internacional tratando de averiguar qu\u00e9 le ocurre. Adem\u00e1s, el hielo ant\u00e1rtico en el mar ha pasado de un m\u00e1ximo r\u00e9cord a cantidades muy por debajo de lo que jam\u00e1s se hab\u00eda documentado.<\/p>\n\n\n\n<p>Lo que est\u00e1 por venir si contin\u00faa la tendencia -algo probable si los humanos no reducen las emisiones de efecto invernadero- ser\u00e1 un efecto domin\u00f3 de consecuencias, desde costas desaparecidas a un calentamiento global incrementado por grandes p\u00e9rdidas en una importante fuente de hielo, que refleja la luz del sol. Es algo que los cient\u00edficos vigilan desde hace tiempo y que ahora les preocupa a\u00fan m\u00e1s.<\/p>\n\n\n\n<p>\u201cCambios en la Ant\u00e1rtida son malas noticias para nuestro planeta\u201d, explic\u00f3 Martin Siegert, glaci\u00f3logo, profesor de geociencias en la Universidad de Exeter y autor principal del reporte.<\/p>\n\n\n\n<p>Siegert se\u00f1al\u00f3 que su equipo y \u00e9l quer\u00edan comprender m\u00e1s sobre las causas de los fen\u00f3menos extremos y si se producir\u00edan m\u00e1s como resultado de la quema de combustibles f\u00f3siles, de modo que el equipo sintetiz\u00f3 su investigaci\u00f3n en muchos aspectos, como patrones atmosf\u00e9ricos y meteorol\u00f3gicos, hielo en el mar, hielo en tierra y plataformas de hielo, as\u00ed como datos de biolog\u00eda marina y terrestre.<\/p>\n\n\n\n<p>El estudio descubri\u00f3 que los cambios extremos en el clima est\u00e1n empeorando en un lugar que antes parec\u00eda ligeramente protegido del descontrol del calentamiento global. El continente \u201cno es un gigante est\u00e1tico congelado en el tiempo\u201d, explicaron, sino que sufre la ira del cambio clim\u00e1tico y sus extremos \u201cde forma espor\u00e1dica e impredecible\u201d.<\/p>\n\n\n\n<p>Anna Hogg, coautora del reporte y profesora en la Universidad de Leeds, dijo que su trabajo ilustra cambios complejos y conectados entre el hielo, el oc\u00e9ano y el aire. \u201cUna vez se ha hecho un gran cambio, puede ser muy dif\u00edcil revertirlo de alg\u00fan modo\u201d, dijo.<\/p>\n\n\n\n<p>Y es un cambio asociado a la actividad humana. \u201cEn efecto, hay una fuerte huella del cambio clim\u00e1tico\u201d, dijo en un correo electr\u00f3nico Helen Fricker, profesora de geof\u00edsica en la Instituci\u00f3n Scripps de Oceanograf\u00eda en la Universidad de California, San Diego, que no particip\u00f3 en el estudio. \u201cNo es bueno\u201d.<\/p>\n\n\n\n<p>El equipo de Siegert y Hogg mir\u00f3 a varios factores como las olas de calor, la p\u00e9rdida de hielo en el mar, el colapso de plataformas de hielo e impactos sobre la biodiversidad. Siegert describi\u00f3 una ola de calor del a\u00f1o pasado en la Ant\u00e1rtida, que elev\u00f3 los term\u00f3metros en una estaci\u00f3n de investigaci\u00f3n muy por encima de las temperaturas normales.<\/p>\n\n\n\n<p>Hogg dijo que el hielo marino est\u00e1 en un m\u00ednimo hist\u00f3rico, una gran causa de preocupaci\u00f3n: en la Ant\u00e1rtida, la media de julio para el hielo marino qued\u00f3 muy por debajo del m\u00ednimo anterior, fijado en 2022. Y las plataformas de hielo, que pueden ser del tama\u00f1o de varios edificios grandes, tambi\u00e9n se ven amenazadas porque se est\u00e1n derritiendo y podr\u00edan colapsar.<\/p>\n\n\n\n<p>El hielo en el mar y las plataformas de hielo act\u00faan como frenos, conteniendo glaciares que de otro modo se precipitar\u00edan al oc\u00e9ano.&nbsp;Cuando esos topes desaparecen, los glaciares fluyen mucho m\u00e1s r\u00e1pido. Es m\u00e1s, la desaparici\u00f3n de grandes masas de hielo acelera el calentamiento como si se cambiara una camiseta blanca por una negra en un d\u00eda caluroso de verano: al reemplazar el hielo por tierra o mar, la Tierra empieza de pronto a absorber los rayos del Sol en lugar de reflejarlos.<\/p>\n\n\n\n<p>El asunto de los fen\u00f3menos extremos \u201cest\u00e1 con nosotros con m\u00e1s frecuencia y estar\u00e1 con nosotros a\u00fan con m\u00e1s frecuencia en el futuro\u201d, dijo Peter Schlosser, vicepresidente y vicedecano del Laboratorio Futuros Globales en la Universidad Estatal de Arizona, que no particip\u00f3 en la investigaci\u00f3n. Los sistemas como la Ant\u00e1rtida son extremos por naturaleza, pero eso no significa que no sean vulnerables, se\u00f1al\u00f3, y son muy susceptibles a cambios peque\u00f1os.<\/p>\n\n\n\n<p>\u201cYo no soy un alarmista, pero lo que veo es alarmante\u201d, dijo Waleed Abdalati, investigador medioambiental en la Universidad de Colorado y que no particip\u00f3 en el estudio. Los fen\u00f3menos clim\u00e1ticos extremos son una cosa, pero cuando se enmarcan en una tendencia -una tendencia de calentamiento global que agrava esos fen\u00f3menos extremos- es un motivo de preocupaci\u00f3n. \u201cPodemos gestionar los eventos\u201d, dijo, \u201cpero no podemos gestionar un incremento continuado de esos eventos destructivos\u201d.<\/p>\n\n\n\n<p>Es algo para lo que debemos prepararnos, seg\u00fan los cient\u00edficos, tanto reduciendo de forma continuada las emisiones de gases de efecto invernadero como introduciendo medidas de adaptaci\u00f3n para la subida del nivel del mar y el tiempo extremo en todo el mundo.<\/p>\n\n\n\n<p>\u201cLlevamos 30 a\u00f1os diciendo esto\u201d, dijo Ted Scambos, cient\u00edfico experto en hielo en la Universidad de Colorado, y cuyo reporte de 2000 fue citado en el art\u00edculo de Siegert y Hogg. \u201cNo estoy sorprendido, estoy decepcionado. Ojal\u00e1 estuvi\u00e9ramos tomando medidas m\u00e1s deprisa\u201d.<\/p>\n\n\n\n<p>(Informaci\u00f3n de AP en \u201cMilenio\u201d)<\/p>\n","protected":false},"excerpt":{"rendered":"<p>Redacci\u00f3n\/Zona Roja Cdmx. Ciudad de M\u00e9xico, a 9 de agosto de 2023.- Incluso en la&hellip;<\/p>\n","protected":false},"author":2,"featured_media":58537,"comment_status":"closed","ping_status":"open","sticky":false,"template":"","format":"standard","meta":{"_lmt_disableupdate":"","_lmt_disable":"","_jetpack_memberships_contains_paid_content":false,"footnotes":""},"categories":[109,47],"tags":[],"class_list":["post-58536","post","type-post","status-publish","format-standard","has-post-thumbnail","hentry","category-minuto-a-minuto","category-zona-gris"],"jetpack_featured_media_url":"https:\/\/zonaroja.com.mx\/wp-content\/uploads\/2023\/08\/Antartida.jpeg","jetpack_sharing_enabled":true,"_links":{"self":[{"href":"https:\/\/zonaroja.com.mx\/index.php?rest_route=\/wp\/v2\/posts\/58536","targetHints":{"allow":["GET"]}}],"collection":[{"href":"https:\/\/zonaroja.com.mx\/index.php?rest_route=\/wp\/v2\/posts"}],"about":[{"href":"https:\/\/zonaroja.com.mx\/index.php?rest_route=\/wp\/v2\/types\/post"}],"author":[{"embeddable":true,"href":"https:\/\/zonaroja.com.mx\/index.php?rest_route=\/wp\/v2\/users\/2"}],"replies":[{"embeddable":true,"href":"https:\/\/zonaroja.com.mx\/index.php?rest_route=%2Fwp%2Fv2%2Fcomments&post=58536"}],"version-history":[{"count":1,"href":"https:\/\/zonaroja.com.mx\/index.php?rest_route=\/wp\/v2\/posts\/58536\/revisions"}],"predecessor-version":[{"id":58538,"href":"https:\/\/zonaroja.com.mx\/index.php?rest_route=\/wp\/v2\/posts\/58536\/revisions\/58538"}],"wp:featuredmedia":[{"embeddable":true,"href":"https:\/\/zonaroja.com.mx\/index.php?rest_route=\/wp\/v2\/media\/58537"}],"wp:attachment":[{"href":"https:\/\/zonaroja.com.mx\/index.php?rest_route=%2Fwp%2Fv2%2Fmedia&parent=58536"}],"wp:term":[{"taxonomy":"category","embeddable":true,"href":"https:\/\/zonaroja.com.mx\/index.php?rest_route=%2Fwp%2Fv2%2Fcategories&post=58536"},{"taxonomy":"post_tag","embeddable":true,"href":"https:\/\/zonaroja.com.mx\/index.php?rest_route=%2Fwp%2Fv2%2Ftags&post=58536"}],"curies":[{"name":"wp","href":"https:\/\/api.w.org\/{rel}","templated":true}]}}