{"id":58541,"date":"2023-08-09T13:00:28","date_gmt":"2023-08-09T18:00:28","guid":{"rendered":"http:\/\/www.zonaroja.com.mx\/?p=58541"},"modified":"2023-08-09T13:02:17","modified_gmt":"2023-08-09T18:02:17","slug":"profesores-investigadores-del-tecnologico-del-valle-de-etla-aprobaron-en-la-convocatoria-reconocimiento-a-ptc-con-perfil-deseable-2023","status":"publish","type":"post","link":"https:\/\/zonaroja.com.mx\/?p=58541","title":{"rendered":"Profesores investigadores del Tecnol\u00f3gico del Valle de Etla aprobaron en la convocatoria Reconocimiento a PTC con Perfil Deseable 2023"},"content":{"rendered":"\n<p>Redacci\u00f3n\/Zona Roja.&nbsp;<\/p>\n\n\n\n<p>Oaxaca de Ju\u00e1rez, Oax., a 9 de agosto de 2023.- Con el objetivo de contribuir con la calidad de los aprendizajes en la educaci\u00f3n, a trav\u00e9s de la formaci\u00f3n integral de todos los grupos de la poblaci\u00f3n mediante esquemas de formaci\u00f3n, actualizaci\u00f3n, capacitaci\u00f3n y\/o investigaci\u00f3n, el Tecnol\u00f3gico Nacional de M\u00e9xico (TecNM), mediante el programa para el Desarrollo Profesional Docente (PRODEP), lanz\u00f3 la convocatoria Reconocimiento a PTC con Perfil Deseable de este a\u00f1o, en la que cuatro docentes\/investigadores del Tecnol\u00f3gico del Valle de Etla obtuvieron la aprobaci\u00f3n.<\/p>\n\n\n\n<p>Para el instituto es un privilegio que profesores investigadores participen en las convocatorias emitidas por el TecNM a cargo del profesor Ram\u00f3n Jim\u00e9nez L\u00f3pez, quien a trav\u00e9s de su gran labor permite que cada tecnol\u00f3gico cuente con profesores especializados que contribuyen d\u00eda a d\u00eda en la formaci\u00f3n de estudiantes de las diferentes carreras de ingenier\u00eda que se imparten en los institutos tecnol\u00f3gicos.&nbsp;<\/p>\n\n\n\n<p>El director del Instituto Tecnol\u00f3gico del Valle de Etla (ITVE), maestro Adri\u00e1n Mart\u00ednez Vargas, resalt\u00f3 que con la participaci\u00f3n en esta y otras convocatorias, se fortalece el nivel educativo de calidad impartido en el ITVE, anteponiendo la investigaci\u00f3n para seguir generando nuevos conocimientos de frontera.&nbsp;<\/p>\n\n\n\n<p>Es de reconocer el trabajo que estos profesores\/investigadores desempe\u00f1an dentro de la instituci\u00f3n, ya que pertenecen al Sistema Nacional de Investigadoras e Investigadores  del Consejo Nacional  de Humanidades, Ciencia y Tecnolog\u00eda (CONAHCYT), todos con el nivel I, adem\u00e1s han contribuido al conocimiento cient\u00edfico de frontera con m\u00e1s de 100 publicaciones de revistas cient\u00edfica internacionales. <\/p>\n","protected":false},"excerpt":{"rendered":"<p>Redacci\u00f3n\/Zona Roja.&nbsp; Oaxaca de Ju\u00e1rez, Oax., a 9 de agosto de 2023.- Con el objetivo&hellip;<\/p>\n","protected":false},"author":2,"featured_media":58540,"comment_status":"closed","ping_status":"open","sticky":false,"template":"","format":"standard","meta":{"_lmt_disableupdate":"","_lmt_disable":"","_jetpack_memberships_contains_paid_content":false,"footnotes":""},"categories":[109,46],"tags":[],"class_list":["post-58541","post","type-post","status-publish","format-standard","has-post-thumbnail","hentry","category-minuto-a-minuto","category-zona-blanca"],"jetpack_featured_media_url":"https:\/\/zonaroja.com.mx\/wp-content\/uploads\/2023\/08\/e17c5309-b3f7-4aac-91e8-ceda9f86fcd4.jpg","jetpack_sharing_enabled":true,"_links":{"self":[{"href":"https:\/\/zonaroja.com.mx\/index.php?rest_route=\/wp\/v2\/posts\/58541","targetHints":{"allow":["GET"]}}],"collection":[{"href":"https:\/\/zonaroja.com.mx\/index.php?rest_route=\/wp\/v2\/posts"}],"about":[{"href":"https:\/\/zonaroja.com.mx\/index.php?rest_route=\/wp\/v2\/types\/post"}],"author":[{"embeddable":true,"href":"https:\/\/zonaroja.com.mx\/index.php?rest_route=\/wp\/v2\/users\/2"}],"replies":[{"embeddable":true,"href":"https:\/\/zonaroja.com.mx\/index.php?rest_route=%2Fwp%2Fv2%2Fcomments&post=58541"}],"version-history":[{"count":1,"href":"https:\/\/zonaroja.com.mx\/index.php?rest_route=\/wp\/v2\/posts\/58541\/revisions"}],"predecessor-version":[{"id":58542,"href":"https:\/\/zonaroja.com.mx\/index.php?rest_route=\/wp\/v2\/posts\/58541\/revisions\/58542"}],"wp:featuredmedia":[{"embeddable":true,"href":"https:\/\/zonaroja.com.mx\/index.php?rest_route=\/wp\/v2\/media\/58540"}],"wp:attachment":[{"href":"https:\/\/zonaroja.com.mx\/index.php?rest_route=%2Fwp%2Fv2%2Fmedia&parent=58541"}],"wp:term":[{"taxonomy":"category","embeddable":true,"href":"https:\/\/zonaroja.com.mx\/index.php?rest_route=%2Fwp%2Fv2%2Fcategories&post=58541"},{"taxonomy":"post_tag","embeddable":true,"href":"https:\/\/zonaroja.com.mx\/index.php?rest_route=%2Fwp%2Fv2%2Ftags&post=58541"}],"curies":[{"name":"wp","href":"https:\/\/api.w.org\/{rel}","templated":true}]}}