{"id":58544,"date":"2023-08-09T14:33:58","date_gmt":"2023-08-09T19:33:58","guid":{"rendered":"http:\/\/www.zonaroja.com.mx\/?p=58544"},"modified":"2023-08-09T15:18:03","modified_gmt":"2023-08-09T20:18:03","slug":"oaxaca-sede-por-vez-primera-de-campamento-nacional-de-la-juventud-de-cruz-roja","status":"publish","type":"post","link":"https:\/\/zonaroja.com.mx\/?p=58544","title":{"rendered":"Oaxaca, sede por vez primera de Campamento Nacional de la Juventud de Cruz Roja"},"content":{"rendered":"\n<p>Yuridiana Sosa\/Zona Roja.<\/p>\n\n\n\n<p>Oaxaca de Ju\u00e1rez, Oax., a 9 de agosto de 2023.- Por primera vez, Cruz Roja Mexicana delegaci\u00f3n Oaxaca, se convierte en anfitri\u00f3n del Campamento Nacional de la Juventud de esta instituci\u00f3n, al que asistir\u00e1n al menos mil 200 ni\u00f1os y j\u00f3venes que forma parte de su voluntariado y cuerpo de auxilio.<\/p>\n\n\n\n<p>Con esto, Oaxaca se convierte tambi\u00e9n en la primera entidad en el sur-sureste de M\u00e9xico en ser sede de esta actividad fundamental para la Cruz Roja Mexicana, destac\u00f3 el presidente nacional de la instituci\u00f3n, Carlos Freaner Figueroa, en conferencia de prensa previo al arranque del encuentro, que ser\u00e1 la tarde de este mi\u00e9rcoles y concluir\u00e1 el pr\u00f3ximo 12 de agosto.<\/p>\n\n\n\n<p>Freaner Figueroa destac\u00f3 la labor de la Cruz Roja Mexicana como semillero de personas preparadas para la atenci\u00f3n pre hospitalaria, por lo que su formaci\u00f3n desde los distintos espacios y actividades son fundamentales.&nbsp;<\/p>\n\n\n\n<p>Por ello, dijo, es importante darles el acompa\u00f1amiento, solidaridad y respaldo a los j\u00f3venes que son el futuro de la Cruz Roja.<\/p>\n\n\n\n<p>La delegada Estatal de la Cruz Roja Mexicana, Mar\u00eda Antonieta Vel\u00e1squez Chagoya, agradeci\u00f3 la oportunidad para que Oaxaca cobije a m\u00e1s de mil integrantes de entre ocho y los 30 a\u00f1os de edad.<\/p>\n\n\n\n<p>A su vez, reconoci\u00f3 el respaldo de la iniciativa privada para apoyar este proyecto y del gobierno del estado para facilitar los espacios donde los participantes tendr\u00e1n sus actividades, como es el gimnasio \u201cRicardo Flores Mag\u00f3n\u201d, donde se realizar\u00e1 la inauguraci\u00f3n este 9 de agosto a las 16:30 horas y posterior a ellos se trasladar\u00e1n en caminata hacia el parque Ju\u00e1rez \u201cEl Llano\u201d. <\/p>\n\n\n\n<p>La coordinadora nacional de Juventud, F\u00e1tima de Le\u00f3n, acompa\u00f1ada del director nacional, Jos\u00e9 Antonio Monroy, destac\u00f3 que este encuentro nacional tiene la particularidad de ser un evento organizado de j\u00f3venes para j\u00f3venes.<\/p>\n\n\n\n<p>Contrario a otras reuniones en la que el liderazgo lo llevan los adultos, de mayor trayectoria dentro de la Cruz Roja, en esta ocasi\u00f3n se da la oportunidad a los j\u00f3venes para una mayor interacci\u00f3n y en la que tambi\u00e9n participan voluntarios con autismo y alguna discapacidad f\u00edsica y visual.<\/p>\n\n\n\n<p>La formaci\u00f3n con talleres estar\u00e1 enfocada en el \u00e1rea de la salud, gesti\u00f3n de riesgos y gesti\u00f3n social. Adem\u00e1s, realizar\u00e1n competencias institucionales como deportivas.&nbsp;<\/p>\n\n\n\n<p>SIEMPRE ALERTA<\/p>\n\n\n\n<p>Las autoridades nacionales y estatales destacaron el compromiso de quienes forman parte de la Cruz Roja Mexicana para dar atenci\u00f3n a la poblaci\u00f3n en el momento que lo requieran, desde los espacios ambulatorios y de manera hospitalaria.&nbsp;<\/p>\n\n\n\n<p>El coordinador estatal, Mois\u00e9s Santiago Robles, apunt\u00f3 que en Oaxaca la Cruz Roja cuenta con 42 ambulancias y atiende en promedio unas 800 emergencias mensuales.<\/p>\n\n\n\n<p>El n\u00famero de emergencia 9-1-1 ha ayudado a la disminuci\u00f3n de las llamadas de bromas que antes representaban una elevada cantidad de falsos llamados.  <\/p>\n\n\n\n<figure class=\"wp-block-embed\"><div class=\"wp-block-embed__wrapper\">\n<div class=\"twitter-tweet\"><blockquote class=\"twitter-tweet\" data-lang=\"es\"><p lang=\"es\" dir=\"ltr\"><a href=\"https:\/\/twitter.com\/hashtag\/ENVIVO?src=hash&amp;ref_src=twsrc%5Etfw\">#ENVIVO<\/a><br>Oaxaca de Ju\u00e1rez, Oax., a 9 de agosto de 2023.- Conferencia de prensa de la Cruz Roja Mexicana, delegaci\u00f3n Oaxaca (<a href=\"https:\/\/twitter.com\/cruzrojaoaxaca?ref_src=twsrc%5Etfw\">@cruzrojaoaxaca<\/a>), para anunciar el Campamento Nacional de la Juventud, que tendr\u00e1 como sede la entidad. <br>Transmisi\u00f3n \ud83d\udc47<a href=\"https:\/\/t.co\/VfgqRWwHTc\">https:\/\/t.co\/VfgqRWwHTc<\/a><\/p>&mdash; Zona Roja Oaxaca (@ZonaRoja_Oaxaca) <a href=\"https:\/\/twitter.com\/ZonaRoja_Oaxaca\/status\/1689296583450365952?ref_src=twsrc%5Etfw\">9 de agosto de 2023<\/a><\/blockquote><\/div>\n<\/div><\/figure>\n","protected":false},"excerpt":{"rendered":"<p>Yuridiana Sosa\/Zona Roja. Oaxaca de Ju\u00e1rez, Oax., a 9 de agosto de 2023.- Por primera&hellip;<\/p>\n","protected":false},"author":2,"featured_media":58543,"comment_status":"closed","ping_status":"open","sticky":false,"template":"","format":"standard","meta":{"_lmt_disableupdate":"","_lmt_disable":"","_jetpack_memberships_contains_paid_content":false,"footnotes":""},"categories":[109,46],"tags":[],"class_list":["post-58544","post","type-post","status-publish","format-standard","has-post-thumbnail","hentry","category-minuto-a-minuto","category-zona-blanca"],"jetpack_featured_media_url":"https:\/\/zonaroja.com.mx\/wp-content\/uploads\/2023\/08\/919ecec2-d17d-48a4-ab42-ec4f9a4b2f61.jpg","jetpack_sharing_enabled":true,"_links":{"self":[{"href":"https:\/\/zonaroja.com.mx\/index.php?rest_route=\/wp\/v2\/posts\/58544","targetHints":{"allow":["GET"]}}],"collection":[{"href":"https:\/\/zonaroja.com.mx\/index.php?rest_route=\/wp\/v2\/posts"}],"about":[{"href":"https:\/\/zonaroja.com.mx\/index.php?rest_route=\/wp\/v2\/types\/post"}],"author":[{"embeddable":true,"href":"https:\/\/zonaroja.com.mx\/index.php?rest_route=\/wp\/v2\/users\/2"}],"replies":[{"embeddable":true,"href":"https:\/\/zonaroja.com.mx\/index.php?rest_route=%2Fwp%2Fv2%2Fcomments&post=58544"}],"version-history":[{"count":1,"href":"https:\/\/zonaroja.com.mx\/index.php?rest_route=\/wp\/v2\/posts\/58544\/revisions"}],"predecessor-version":[{"id":58545,"href":"https:\/\/zonaroja.com.mx\/index.php?rest_route=\/wp\/v2\/posts\/58544\/revisions\/58545"}],"wp:featuredmedia":[{"embeddable":true,"href":"https:\/\/zonaroja.com.mx\/index.php?rest_route=\/wp\/v2\/media\/58543"}],"wp:attachment":[{"href":"https:\/\/zonaroja.com.mx\/index.php?rest_route=%2Fwp%2Fv2%2Fmedia&parent=58544"}],"wp:term":[{"taxonomy":"category","embeddable":true,"href":"https:\/\/zonaroja.com.mx\/index.php?rest_route=%2Fwp%2Fv2%2Fcategories&post=58544"},{"taxonomy":"post_tag","embeddable":true,"href":"https:\/\/zonaroja.com.mx\/index.php?rest_route=%2Fwp%2Fv2%2Ftags&post=58544"}],"curies":[{"name":"wp","href":"https:\/\/api.w.org\/{rel}","templated":true}]}}