{"id":58546,"date":"2023-08-09T19:28:23","date_gmt":"2023-08-10T00:28:23","guid":{"rendered":"http:\/\/www.zonaroja.com.mx\/?p=58546"},"modified":"2023-08-09T20:17:15","modified_gmt":"2023-08-10T01:17:15","slug":"registra-la-onu-asesinato-o-desaparicion-de-46-defensores-indigenas-en-mexico","status":"publish","type":"post","link":"https:\/\/zonaroja.com.mx\/?p=58546","title":{"rendered":"Registra la ONU asesinato o desaparici\u00f3n de 46 defensores ind\u00edgenas en M\u00e9xico"},"content":{"rendered":"\n<p>Redacci\u00f3n\/Zona Roja Cdmx<\/p>\n\n\n\n<p>Ciudad de M\u00e9xico, a 9 de agosto de 2023.- La ONU ha documentado el asesinato o la desaparici\u00f3n de 46 defensores ind\u00edgenas en M\u00e9xico desde 2019, y solo uno de los casos ha terminado con una condena para el agresor, denunci\u00f3 la Oficina en M\u00e9xico del Alto Comisionado de las Naciones Unidas para los Derechos Humanos (ONU-DH).<\/p>\n\n\n\n<p>En un comunicado por el D\u00eda Internacional de los Pueblos Ind\u00edgenas, la ONU-DH advirti\u00f3 que estos casos tienen un posible v\u00ednculo con su labor de defensa, lo que representa casi el 30 por ciento de todos los casos de defensores de derechos humanos asesinadas o desaparecidas que ha conocido el organismo en dicho periodo.<\/p>\n\n\n\n<p>\u201cLas personas l\u00edderes de estos pueblos est\u00e1n m\u00e1s expuestas a represalias o acciones violentas debido a su visibilidad por la defensa de su territorio y modo de vida. Su asesinato o desaparici\u00f3n tiene un efecto amedrentador sobre todo el pueblo ind\u00edgena\u201d, se\u00f1al\u00f3 Jes\u00fas Pe\u00f1a Palacios, representante adjunto en M\u00e9xico de la ONU-DH.<\/p>\n\n\n\n<p>El organismo detall\u00f3 que ocho personas siguen desaparecidas, y que en 32 de los 46 casos los defensores ind\u00edgenas realizaban actividades ambientales y en 33 casos hab\u00edan sufrido incidentes previos de seguridad, con denuncias en 10 casos.<\/p>\n\n\n\n<p>Los estados con m\u00e1s agresiones fueron Oaxaca con 20, Chihuahua con cinco, Guerrero con cuatro, Michoac\u00e1n con cuatro y Chiapas con tres.<\/p>\n\n\n\n<p>Pese a las decenas de asesinatos y desapariciones, la ONU-DH lament\u00f3 que solo uno se haya resuelto con una sentencia contra el agresor.<\/p>\n\n\n\n<p>\u201cEsta impunidad agrava la discriminaci\u00f3n estructural que viven los pueblos ind\u00edgenas y las dificultades que encuentran en el acceso a la justicia\u201d, a\u00f1adi\u00f3 Pe\u00f1a Palacios.<\/p>\n\n\n\n<p>M\u00e9xico es uno de los pa\u00edses con m\u00e1s poblaci\u00f3n ind\u00edgena de Am\u00e9rica, con m\u00e1s de 23 millones de personas que se asumen como tal en un pa\u00eds de 126 millones de habitantes, de los que cerca de 7 millones de hablan un idioma originario, seg\u00fan el Instituto Nacional de Estad\u00edstica y Geograf\u00eda (Inegi).<\/p>\n\n\n\n<p>Pero en a\u00f1os recientes, los habitantes originarios han advertido de conflictos armados crecientes porque el crimen organizado los desplaza de sus comunidades.<\/p>\n\n\n\n<p>\u201cEn M\u00e9xico, adicionalmente a los desaf\u00edos estructurales que han afectado a los pueblos ind\u00edgenas generando importantes brechas de desigualdad, marginaci\u00f3n y acceso a sus derechos, tambi\u00e9n enfrentan violencia por parte de diferentes actores, incluidos grupos del crimen organizado, quienes disputan el control de su territorio\u201d, coment\u00f3 Pe\u00f1a Palacios.<\/p>\n\n\n\n<p>La ONU-DH record\u00f3 que M\u00e9xico fue uno de los pa\u00edses promotores de la adopci\u00f3n del Acuerdo de Escaz\u00fa, que obliga a proteger los derechos de acceso en asuntos ambientales, lo que reforzar\u00eda la protecci\u00f3n de defensores ind\u00edgenas de derechos humanos.<\/p>\n\n\n\n<p>(Con informaci\u00f3n de EFE, en L\u00f3pez-D\u00f3riga Digital)<\/p>\n","protected":false},"excerpt":{"rendered":"<p>Redacci\u00f3n\/Zona Roja Cdmx Ciudad de M\u00e9xico, a 9 de agosto de 2023.- La ONU ha&hellip;<\/p>\n","protected":false},"author":2,"featured_media":47378,"comment_status":"closed","ping_status":"open","sticky":false,"template":"","format":"standard","meta":{"_lmt_disableupdate":"","_lmt_disable":"","_jetpack_memberships_contains_paid_content":false,"footnotes":""},"categories":[109,47],"tags":[],"class_list":["post-58546","post","type-post","status-publish","format-standard","has-post-thumbnail","hentry","category-minuto-a-minuto","category-zona-gris"],"jetpack_featured_media_url":"https:\/\/zonaroja.com.mx\/wp-content\/uploads\/2022\/10\/Defensores-del-rio-Verde.jpg","jetpack_sharing_enabled":true,"_links":{"self":[{"href":"https:\/\/zonaroja.com.mx\/index.php?rest_route=\/wp\/v2\/posts\/58546","targetHints":{"allow":["GET"]}}],"collection":[{"href":"https:\/\/zonaroja.com.mx\/index.php?rest_route=\/wp\/v2\/posts"}],"about":[{"href":"https:\/\/zonaroja.com.mx\/index.php?rest_route=\/wp\/v2\/types\/post"}],"author":[{"embeddable":true,"href":"https:\/\/zonaroja.com.mx\/index.php?rest_route=\/wp\/v2\/users\/2"}],"replies":[{"embeddable":true,"href":"https:\/\/zonaroja.com.mx\/index.php?rest_route=%2Fwp%2Fv2%2Fcomments&post=58546"}],"version-history":[{"count":1,"href":"https:\/\/zonaroja.com.mx\/index.php?rest_route=\/wp\/v2\/posts\/58546\/revisions"}],"predecessor-version":[{"id":58547,"href":"https:\/\/zonaroja.com.mx\/index.php?rest_route=\/wp\/v2\/posts\/58546\/revisions\/58547"}],"wp:featuredmedia":[{"embeddable":true,"href":"https:\/\/zonaroja.com.mx\/index.php?rest_route=\/wp\/v2\/media\/47378"}],"wp:attachment":[{"href":"https:\/\/zonaroja.com.mx\/index.php?rest_route=%2Fwp%2Fv2%2Fmedia&parent=58546"}],"wp:term":[{"taxonomy":"category","embeddable":true,"href":"https:\/\/zonaroja.com.mx\/index.php?rest_route=%2Fwp%2Fv2%2Fcategories&post=58546"},{"taxonomy":"post_tag","embeddable":true,"href":"https:\/\/zonaroja.com.mx\/index.php?rest_route=%2Fwp%2Fv2%2Ftags&post=58546"}],"curies":[{"name":"wp","href":"https:\/\/api.w.org\/{rel}","templated":true}]}}