{"id":58549,"date":"2023-08-10T10:30:00","date_gmt":"2023-08-10T15:30:00","guid":{"rendered":"http:\/\/www.zonaroja.com.mx\/?p=58549"},"modified":"2023-08-10T07:01:50","modified_gmt":"2023-08-10T12:01:50","slug":"a-tres-semanas-de-creacion-presentan-en-congreso-iniciativa-de-ley-organica-para-nuevo-tjacc","status":"publish","type":"post","link":"https:\/\/zonaroja.com.mx\/?p=58549","title":{"rendered":"A tres semanas de creaci\u00f3n, presentan en Congreso iniciativa de Ley Org\u00e1nica para nuevo TJACC"},"content":{"rendered":"\n<p>Yuridiana Sosa\/Zona Roja.<\/p>\n\n\n\n<p>Oaxaca de Ju\u00e1rez, Oax., a 10 de agosto de 2023.- A casi de tres semanas de la creaci\u00f3n del Tribunal de Justicia Administrativa y Combate a la Corrupci\u00f3n del Estado de Oaxaca (TJACC), diputados de Morena presentaron una iniciativa con proyecto de decreto por el que se expide la Ley Org\u00e1nica de dicha instancia.<\/p>\n\n\n\n<p>A\u00fan en medio de un debate p\u00fablico y pol\u00edtico sobre la validez de la creaci\u00f3n del nuevo organismo en sustituci\u00f3n del Tribunal de Justicia Administrativa, del que se destituyeron a los 12 magistrados, el grupo parlamentario de Morena dio continuidad al proceso que iniciaron el 22 de julio con la aprobaci\u00f3n del TJACCO.<\/p>\n\n\n\n<p>La iniciativa, que contempla 94 art\u00edculos, fue presentada en sesi\u00f3n ordinaria de este mi\u00e9rcoles y turnada a comisiones para su estudio y dictamen.<\/p>\n\n\n\n<p>El objetivo de la iniciativa es perfeccionar el sistema jur\u00eddico a trav\u00e9s de una ley que regule la organizaci\u00f3n y funcionamiento de la m\u00e1xima autoridad jurisdiccional en materia administrativa, justificaron los legisladores.<\/p>\n\n\n\n<p>El documento se\u00f1ala que el art\u00edculo s\u00e9ptimo transitorio del decreto 1486 establece que el Congreso del Estado debe emitir la Ley Org\u00e1nica del nuevo Tribunal en un plazo de 60 d\u00edas naturales, por tanto, se presenta a consideraci\u00f3n del pleno dicha iniciativa con proyecto de decreto.<\/p>\n\n\n\n<p>La propuesta indica, en el cap\u00edtulo V, art\u00edculo 18 que \u201cel Pleno del Tribunal elegir\u00e1 de entre sus integrantes, mediante votaci\u00f3n, a la o \u00e9l presidente, quien lo ser\u00e1 del Pleno del Tribunal y de la Sala Superior durante un periodo de tres a\u00f1os con posibilidad de ser reelecto por otro periodo igual\u201d.<\/p>\n\n\n\n<p>TRANSITORIOS<\/p>\n\n\n\n<p>En Transitorios en el punto tercero se indica que se abroga La Ley Org\u00e1nica del Tribunal de Justicia Administrativa del Estado de Oaxaca, expedido en el Decreto 805, aprobada por la 64 Legislatura y cualquier disposici\u00f3n de igual o menor jerarqu\u00eda.<\/p>\n\n\n\n<p>El cuarto establece que \u201cen cumplimiento a los art\u00edculos s\u00e9ptimo y octavo transitorio del decreto 1486 aprobado por la 65 Legislatura, toda la transferencia que inici\u00f3 el 22 de julio de 2023 de los recursos humanos, financieros y materiales del anterior Tribunal de Justicia Administrativa a Tribunal de Justicia Administrativa y Combate a la Corrupci\u00f3n se entender\u00e1n por cumplidos y concluidos con la emisi\u00f3n del presente Decreto\u201d.<\/p>\n\n\n\n<p>As\u00ed tambi\u00e9n, en el Quinto, se cit\u00f3 que \u201ctodos los juicios y procesos que est\u00e1n pendientes por resolver por parte del anterior Tribunal pasar\u00e1n hacer de conocimiento y resoluci\u00f3n de nuevo Tribunal en t\u00e9rminos de la Ley de Procedimientos y Justicia Administrativa para el Estado de Oaxaca\u201d.<\/p>\n\n\n\n<p>En tanto que, en el punto sexto, establece que \u201clos servidores p\u00fablicos que ejerc\u00edan cargos administrativos que desaparecen o se transforman conforme a lo dispuesto por esta Ley, continuar\u00e1n desempe\u00f1ando los mismos cargos hasta que el pleno del tribunal acuerde sobre las sobre la instalaci\u00f3n de los nuevos \u00f3rganos administrativos y decida sobre la designaci\u00f3n mediante acuerdos espec\u00edficos\u201d.<\/p>\n\n\n\n<p>Mientras que en el s\u00e9ptimo se fij\u00f3 que \u201cpara la instauraci\u00f3n del procedimiento en controversias administrativas entre los municipios y sus agencias, la Sala Especializada aplicar\u00e1 en lo conducente la Ley de Procedimientos y Justicia Administrativa, lo previsto en las normas supletorias a la misma, y las formalidades esenciales del procedimiento hasta en tanto se emita la regulaci\u00f3n espec\u00edfica para dichos procedimientos\u201d.<\/p>\n","protected":false},"excerpt":{"rendered":"<p>Yuridiana Sosa\/Zona Roja. Oaxaca de Ju\u00e1rez, Oax., a 10 de agosto de 2023.- A casi&hellip;<\/p>\n","protected":false},"author":2,"featured_media":57893,"comment_status":"closed","ping_status":"open","sticky":false,"template":"","format":"standard","meta":{"_lmt_disableupdate":"","_lmt_disable":"","_jetpack_memberships_contains_paid_content":false,"footnotes":""},"categories":[109,46],"tags":[2743],"class_list":["post-58549","post","type-post","status-publish","format-standard","has-post-thumbnail","hentry","category-minuto-a-minuto","category-zona-blanca","tag-65-legislatura-del-estado-de-oaxaca"],"jetpack_featured_media_url":"https:\/\/zonaroja.com.mx\/wp-content\/uploads\/2023\/07\/Integrantes-del-Tribunal-de-Justicia-Administrativa-Oaxaca.jpg","jetpack_sharing_enabled":true,"_links":{"self":[{"href":"https:\/\/zonaroja.com.mx\/index.php?rest_route=\/wp\/v2\/posts\/58549","targetHints":{"allow":["GET"]}}],"collection":[{"href":"https:\/\/zonaroja.com.mx\/index.php?rest_route=\/wp\/v2\/posts"}],"about":[{"href":"https:\/\/zonaroja.com.mx\/index.php?rest_route=\/wp\/v2\/types\/post"}],"author":[{"embeddable":true,"href":"https:\/\/zonaroja.com.mx\/index.php?rest_route=\/wp\/v2\/users\/2"}],"replies":[{"embeddable":true,"href":"https:\/\/zonaroja.com.mx\/index.php?rest_route=%2Fwp%2Fv2%2Fcomments&post=58549"}],"version-history":[{"count":2,"href":"https:\/\/zonaroja.com.mx\/index.php?rest_route=\/wp\/v2\/posts\/58549\/revisions"}],"predecessor-version":[{"id":58560,"href":"https:\/\/zonaroja.com.mx\/index.php?rest_route=\/wp\/v2\/posts\/58549\/revisions\/58560"}],"wp:featuredmedia":[{"embeddable":true,"href":"https:\/\/zonaroja.com.mx\/index.php?rest_route=\/wp\/v2\/media\/57893"}],"wp:attachment":[{"href":"https:\/\/zonaroja.com.mx\/index.php?rest_route=%2Fwp%2Fv2%2Fmedia&parent=58549"}],"wp:term":[{"taxonomy":"category","embeddable":true,"href":"https:\/\/zonaroja.com.mx\/index.php?rest_route=%2Fwp%2Fv2%2Fcategories&post=58549"},{"taxonomy":"post_tag","embeddable":true,"href":"https:\/\/zonaroja.com.mx\/index.php?rest_route=%2Fwp%2Fv2%2Ftags&post=58549"}],"curies":[{"name":"wp","href":"https:\/\/api.w.org\/{rel}","templated":true}]}}