{"id":5855,"date":"2019-11-18T18:11:59","date_gmt":"2019-11-19T00:11:59","guid":{"rendered":"http:\/\/www.zonaroja.com.mx\/?p=5855"},"modified":"2019-11-18T18:12:02","modified_gmt":"2019-11-19T00:12:02","slug":"discriminan-a-mexicanos-en-bolivia-se-acentuan-hostilidades-contra-ellos","status":"publish","type":"post","link":"https:\/\/zonaroja.com.mx\/?p=5855","title":{"rendered":"Discriminan a mexicanos en Bolivia; se acent\u00faan hostilidades contra ellos"},"content":{"rendered":"\n<p>Redacci\u00f3n\/Zona Roja Cdmx.<\/p>\n\n\n\n<p>Ciudad de M\u00e9xico, 18 de noviembre de\n2019.- Un grupo de entre 40 y 50 mexicanos, de los casi dos mil que radican en\nBolivia, adelant\u00f3 a \u201cEl Heraldo de M\u00e9xico\u201d que presentar\u00e1n hoy ante la embajada\nmexicana un documento para exigir protecci\u00f3n y evacuaci\u00f3n de ese pa\u00eds\nsudamericano, ya que despu\u00e9s del asilo que M\u00e9xico otorg\u00f3 al expresidente Evo\nMorales, la hostilidad se ha acentuado contra ellos.<\/p>\n\n\n\n<p>En entrevista con una de esas mexicanas\nresidente en La Paz, Bolivia, desde hace a\u00f1o y medio, (que pidi\u00f3 el anonimato\npara no afectar el trabajo de su esposo) denuncia que a ra\u00edz del asilo dado a\nMorales en M\u00e9xico comenzaron a recibir agresiones verbales: <\/p>\n\n\n\n<p>\u201cApenas que se pudo salir a la calle,\nidentifican el acento y te dicen: \u2018Son unos tontos que se llevaron lo que\nnosotros tiramos, se llevan a la mierda de Bolivia\u2019\u201d.<\/p>\n\n\n\n<p>Declara que al principio los\ncomentarios eran entorno al hecho del traslado de Evo a M\u00e9xico, pero luego se\nvolvieron hacia el trato que recibe en nuestro pa\u00eds. <\/p>\n\n\n\n<p>\u201cNos dicen, \u2018\u00bfpor qu\u00e9 le est\u00e1n dando el\ntrato tan privilegiado?, \u00bfpor qu\u00e9 se le est\u00e1 dando trato de rey?\u2019, \u2018No s\u00e9 por\nqu\u00e9 lo tratan como h\u00e9roe\u2019\u201d.<\/p>\n\n\n\n<p>Por grupos en redes sociales, los\nmexicanos en Bolivia han coincidido en que reciben este tipo de agresiones; por\nejemplo, al esposo de la entrevistada le dijeron en una junta de trabajo: <\/p>\n\n\n\n<p>\u201cAqu\u00ed viene el mexicano que no nos dej\u00f3\njuzgar a Evo a una se\u00f1ora no le quer\u00edan vender en el mercado por ser mexicana y\na una compatriota le llamaron a su casa para ofenderla\u201d.<\/p>\n\n\n\n<p>En un proyecto de comunicado de los\nresidentes mexicanos en Bolivia, que la mexicana entrevistada proporcion\u00f3 a \u201cEl\nHeraldo de M\u00e9xico\u201d, menciona que \u201cnos preocupa que el buen trato y la\nhospitalidad (con que fueron acogidos), se convierta en un reclamo constante de\nlos bolivianos hacia los mexicanos, por una decisi\u00f3n que nosotros\/as no\ntomamos, ni apoyamos\u201d.<\/p>\n\n\n\n<p>&nbsp;\u201cCondenamos que el Gobierno Federal de M\u00e9xico\nsiga dando protagonismo al expresidente Morales, viabilizando de esa forma que\ncontin\u00fae operando desde nuestro M\u00e9xico lindo, movilizaciones que tienen a\nBolivia sumida en el caos y el terror\u201d.<\/p>\n\n\n\n<p>&nbsp;Para la entrevistada, \u201cel reclamo de la\ncomunidad es que hubo un avi\u00f3n para un asilo, pero no se est\u00e1n manifestando en\nrelaci\u00f3n de evacuarnos o no\u201d.<\/p>\n","protected":false},"excerpt":{"rendered":"<p>Redacci\u00f3n\/Zona Roja Cdmx. Ciudad de M\u00e9xico, 18 de noviembre de 2019.- Un grupo de entre&hellip;<\/p>\n","protected":false},"author":2,"featured_media":5856,"comment_status":"closed","ping_status":"open","sticky":false,"template":"","format":"standard","meta":{"_lmt_disableupdate":"","_lmt_disable":"","_jetpack_memberships_contains_paid_content":false,"footnotes":""},"categories":[109,47],"tags":[996],"class_list":["post-5855","post","type-post","status-publish","format-standard","has-post-thumbnail","hentry","category-minuto-a-minuto","category-zona-gris","tag-bolivia"],"jetpack_featured_media_url":"https:\/\/zonaroja.com.mx\/wp-content\/uploads\/2019\/11\/Bolivia.jpg","jetpack_sharing_enabled":true,"_links":{"self":[{"href":"https:\/\/zonaroja.com.mx\/index.php?rest_route=\/wp\/v2\/posts\/5855","targetHints":{"allow":["GET"]}}],"collection":[{"href":"https:\/\/zonaroja.com.mx\/index.php?rest_route=\/wp\/v2\/posts"}],"about":[{"href":"https:\/\/zonaroja.com.mx\/index.php?rest_route=\/wp\/v2\/types\/post"}],"author":[{"embeddable":true,"href":"https:\/\/zonaroja.com.mx\/index.php?rest_route=\/wp\/v2\/users\/2"}],"replies":[{"embeddable":true,"href":"https:\/\/zonaroja.com.mx\/index.php?rest_route=%2Fwp%2Fv2%2Fcomments&post=5855"}],"version-history":[{"count":1,"href":"https:\/\/zonaroja.com.mx\/index.php?rest_route=\/wp\/v2\/posts\/5855\/revisions"}],"predecessor-version":[{"id":5857,"href":"https:\/\/zonaroja.com.mx\/index.php?rest_route=\/wp\/v2\/posts\/5855\/revisions\/5857"}],"wp:featuredmedia":[{"embeddable":true,"href":"https:\/\/zonaroja.com.mx\/index.php?rest_route=\/wp\/v2\/media\/5856"}],"wp:attachment":[{"href":"https:\/\/zonaroja.com.mx\/index.php?rest_route=%2Fwp%2Fv2%2Fmedia&parent=5855"}],"wp:term":[{"taxonomy":"category","embeddable":true,"href":"https:\/\/zonaroja.com.mx\/index.php?rest_route=%2Fwp%2Fv2%2Fcategories&post=5855"},{"taxonomy":"post_tag","embeddable":true,"href":"https:\/\/zonaroja.com.mx\/index.php?rest_route=%2Fwp%2Fv2%2Ftags&post=5855"}],"curies":[{"name":"wp","href":"https:\/\/api.w.org\/{rel}","templated":true}]}}