{"id":58551,"date":"2023-08-10T13:55:00","date_gmt":"2023-08-10T18:55:00","guid":{"rendered":"http:\/\/www.zonaroja.com.mx\/?p=58551"},"modified":"2023-08-10T07:02:27","modified_gmt":"2023-08-10T12:02:27","slug":"encuesta-xochitl-tiene-34-de-votos-y-claudia-42","status":"publish","type":"post","link":"https:\/\/zonaroja.com.mx\/?p=58551","title":{"rendered":"Encuesta: X\u00f3chitl tiene 34% de votos y Claudia 42%"},"content":{"rendered":"\n<p>Redacci\u00f3n\/Zona Roja Cdmx.<\/p>\n\n\n\n<p>Ciudad de M\u00e9xico, a 10 de agosto de 2023.- El a\u00f1o electoral se acerca y, con ello, distintos personajes de la pol\u00edtica han aparecido en el mapa y han ido ganando terreno entre la poblaci\u00f3n votante. Un ejemplo es X\u00f3chitl G\u00e1lvez, aspirante a la candidatura por el Frente Amplio Opositor.<\/p>\n\n\n\n<p>La senadora panista se ha ido abriendo paso en las preferencias entre las \u2018corcholatas\u2019 de la oposici\u00f3n, donde compite con compa\u00f1eros de partidos aliados como Santiago Creel, Enrique de la Madrid, Beatriz Paredes y Silvano Aureoles.<\/p>\n\n\n\n<p>La encuesta de \u201cEl Financiero\u201d publicada este martes revela que, si las elecciones presidenciales fueran hoy, X\u00f3chitl G\u00e1lvez podr\u00eda obtener 34 por ciento de las preferencias. En este escenario hipot\u00e9tico, la aspirante de Morena, Claudia Sheinbaum, obtendr\u00eda 42 por ciento.<\/p>\n\n\n\n<p>La encuesta plantea un escenario donde compitieran por la presidencia las candidatas X\u00f3chitl G\u00e1lvez, Claudia Sheinbaum y Samuel Garc\u00eda (Movimiento Ciudadano).<\/p>\n\n\n\n<p>En comparaci\u00f3n con la medici\u00f3n hecha por \u201cEl Financiero\u201d en julio, la aspirante opositora ha avanzado 4 puntos en las preferencias. En tanto, la \u2018corcholata\u2019 de Morena ha avanzado un punto.<\/p>\n\n\n\n<p>Ahora, en la publicaci\u00f3n de agosto, X\u00f3chitl estar\u00eda ocho puntos por debajo de Sheinbaum, con 34 por ciento y 42 por ciento cada una, respectivamente.<\/p>\n\n\n\n<p>El avance que ha tenido G\u00e1lvez ocurri\u00f3 principalmente por parte de electores que apenas dos semanas atr\u00e1s se hab\u00edan declarado sin preferencia.<\/p>\n\n\n\n<p>Tambi\u00e9n se analiza un escenario donde compitieran X\u00f3chitl por el Frente opositor y Marcelo Ebrard por Morena, donde el excanciller estar\u00eda 10 puntos por arriba su competidora, con 34 y 44 por ciento, respectivamente.<\/p>\n\n\n\n<p>El sondeo hecho por EF tambi\u00e9n revela que la ciudadan\u00eda ha escuchado mucha m\u00e1s informaci\u00f3n sobre las aspirantes Claudia Sheinbaum (26 puntos) y X\u00f3chitl G\u00e1lvez (21 puntos, en comparaci\u00f3n con otros aspirantes como Ebrard (15 puntos), Ad\u00e1n Augusto L\u00f3pez (6 puntos), Beatriz Paredes y Santiago Creel (2 puntos cada uno).<\/p>\n\n\n\n<p>LOS RETOS<\/p>\n\n\n\n<p>Tras la recolecci\u00f3n de firmas por parte de aspirantes del PRI, PAN y PRD, el Frente Amplio Opositor est\u00e1 m\u00e1s cerca de definir su candidatura.<\/p>\n\n\n\n<p>La aspirante panista X\u00f3chitl G\u00e1lvez, denunci\u00f3 el domingo el registro masivo de firmas en favor de militantes del PRI, como Beatriz Paredes; y del PAN, como Santiago Creel.<\/p>\n\n\n\n<p>En medio de esta situaci\u00f3n, uno de los retos m\u00e1s dif\u00edciles para la oposici\u00f3n ser\u00e1 mantener la unidad en los pr\u00f3ximos d\u00edas.<\/p>\n\n\n\n<p>Enrique Quintana, vicepresidente y director general editorial de \u201cEl Financiero\u201d, describi\u00f3 cu\u00e1les son algunas de las fisuras que deber\u00e1 revisar el Frente opositor.<\/p>\n\n\n\n<p>En su columna de este martes, Quintana destaca que la coalici\u00f3n se enfrenta a la poblaci\u00f3n que apoya a G\u00e1lvez pero desprecia a los partidos; adem\u00e1s, se\u00f1ala que el PAN y el PRI quisieran que otros personajes de sus grupos pol\u00edticos fueran la cara de su alianza, pero es X\u00f3chitl quien ha ganado impulso y se ha convertido en \u201csu peor pesadilla\u201d.<\/p>\n\n\n\n<p>Mientras un amplio grupo ciudadano respalda a G\u00e1lvez, ha mostrado tambi\u00e9n que aborrece a los partidos que la representan. Quintana considera que ella no buscar\u00e1 una candidatura ciudadana. Este ser\u00e1 el mayor reto para ella, conectar con la poblaci\u00f3n que busca una alternativa pol\u00edtica.<\/p>\n\n\n\n<p>(Informaci\u00f3n de \u201cEl Financiero\u201d)<\/p>\n","protected":false},"excerpt":{"rendered":"<p>Redacci\u00f3n\/Zona Roja Cdmx. Ciudad de M\u00e9xico, a 10 de agosto de 2023.- El a\u00f1o electoral&hellip;<\/p>\n","protected":false},"author":2,"featured_media":58552,"comment_status":"closed","ping_status":"open","sticky":false,"template":"","format":"standard","meta":{"_lmt_disableupdate":"","_lmt_disable":"","_jetpack_memberships_contains_paid_content":false,"footnotes":""},"categories":[109,47],"tags":[3370,3601],"class_list":["post-58551","post","type-post","status-publish","format-standard","has-post-thumbnail","hentry","category-minuto-a-minuto","category-zona-gris","tag-claudia-sheinbaum","tag-xochitl-galvez-ruiz"],"jetpack_featured_media_url":"https:\/\/zonaroja.com.mx\/wp-content\/uploads\/2023\/08\/Xochitl-Galvez-y-Claudia-Sheinbaum.jpeg","jetpack_sharing_enabled":true,"_links":{"self":[{"href":"https:\/\/zonaroja.com.mx\/index.php?rest_route=\/wp\/v2\/posts\/58551","targetHints":{"allow":["GET"]}}],"collection":[{"href":"https:\/\/zonaroja.com.mx\/index.php?rest_route=\/wp\/v2\/posts"}],"about":[{"href":"https:\/\/zonaroja.com.mx\/index.php?rest_route=\/wp\/v2\/types\/post"}],"author":[{"embeddable":true,"href":"https:\/\/zonaroja.com.mx\/index.php?rest_route=\/wp\/v2\/users\/2"}],"replies":[{"embeddable":true,"href":"https:\/\/zonaroja.com.mx\/index.php?rest_route=%2Fwp%2Fv2%2Fcomments&post=58551"}],"version-history":[{"count":2,"href":"https:\/\/zonaroja.com.mx\/index.php?rest_route=\/wp\/v2\/posts\/58551\/revisions"}],"predecessor-version":[{"id":58561,"href":"https:\/\/zonaroja.com.mx\/index.php?rest_route=\/wp\/v2\/posts\/58551\/revisions\/58561"}],"wp:featuredmedia":[{"embeddable":true,"href":"https:\/\/zonaroja.com.mx\/index.php?rest_route=\/wp\/v2\/media\/58552"}],"wp:attachment":[{"href":"https:\/\/zonaroja.com.mx\/index.php?rest_route=%2Fwp%2Fv2%2Fmedia&parent=58551"}],"wp:term":[{"taxonomy":"category","embeddable":true,"href":"https:\/\/zonaroja.com.mx\/index.php?rest_route=%2Fwp%2Fv2%2Fcategories&post=58551"},{"taxonomy":"post_tag","embeddable":true,"href":"https:\/\/zonaroja.com.mx\/index.php?rest_route=%2Fwp%2Fv2%2Ftags&post=58551"}],"curies":[{"name":"wp","href":"https:\/\/api.w.org\/{rel}","templated":true}]}}