{"id":58554,"date":"2023-08-09T20:34:03","date_gmt":"2023-08-10T01:34:03","guid":{"rendered":"http:\/\/www.zonaroja.com.mx\/?p=58554"},"modified":"2023-08-09T20:34:05","modified_gmt":"2023-08-10T01:34:05","slug":"ecuador-asesinaron-al-candidato-a-la-presidencia-fernando-villavicencio","status":"publish","type":"post","link":"https:\/\/zonaroja.com.mx\/?p=58554","title":{"rendered":"Ecuador: asesinaron al candidato a la presidencia Fernando Villavicencio"},"content":{"rendered":"\n<p>Redacci\u00f3n\/Zona Roja Cdmx.<\/p>\n\n\n\n<p>Ciudad de M\u00e9xico, a 9 de agosto de 2023.- El candidato a la presidencia Fernando Villavicencio fue asesinado la tarde de este mi\u00e9rcoles en Quito. El aspirante y ex legislador se encontraba en un mit\u00edn pol\u00edtico en el centro norte de la ciudad. Seg\u00fan los videos y testigos del acontecimiento, Villavicencio fue atacado por sicarios que dispararon varias veces en su contra.<\/p>\n\n\n\n<p>El presidente de Ecuador, Guillermo Lasso, confirm\u00f3 que el candidato fue asesinado: \u201cPor su memoria y por su lucha, les aseguro que este crimen no va a quedar impune\u201d, escribi\u00f3. Adem\u00e1s, Lasso dijo sentirse \u201cIndignado y consternado\u201d. El mandatario dijo que convoc\u00f3 de manera urgente al Consejo de Seguridad del Estado para evaluar lo sucedido. Cerr\u00f3 su mensaje en Twitter asegurando que: \u201cEl crimen organizado ha llegado muy lejos, pero les va a caer todo el peso de la ley\u201d.<\/p>\n\n\n\n<p>El ministro del Interior, Juan Zapata, tambi\u00e9n anunci\u00f3 que el candidato no sobrevivi\u00f3 al atentado. Asimismo, personas cercanas a Villavicencio, como el periodista y amigo, Christian Zurita, publicaron la noticia de su muerte: \u201cMataron a mi amigo\u201d, escribi\u00f3.<\/p>\n\n\n\n<p>El m\u00e9dico Carlos Figueroa que acompa\u00f1\u00f3 a Villavicencio durante su exilio en la selva, durante la persecuci\u00f3n del corre\u00edsmo, tambi\u00e9n ratific\u00f3 la noticia y escribi\u00f3 que la hora de la muerte fue a las 18h45 (hora local).<\/p>\n\n\n\n<p>El director de investigaciones de la Polic\u00eda de Ecuador, Alain Luna, calific\u00f3 al asesinato del candidato como un acto terrorista. Adem\u00e1s, inform\u00f3 que hubo detonaciones controladas de explosivos que fueron dejados en el lugar donde sucedi\u00f3 el mit\u00edn en el que estaba Villavicencio.<\/p>\n\n\n\n<p>Durante sus dos a\u00f1os como congresista, Villavicencio (59 a\u00f1os) se dedic\u00f3 a fiscalizar varios casos de corrupci\u00f3n ocurridos durante el mandato de Rafael Correa, quien lo persigui\u00f3 durante su gobierno hasta que Villavicencio tuvo que refugiarse en la selva con una comunidad ind\u00edgena.<\/p>\n\n\n\n<p>El pasado 19 de mayo, el movimiento Construye 25, de la ex ministra de gobierno, Mar\u00eda Paula Romo, anunci\u00f3 el respaldo a la candidatura de Villavicencio. Antes de incursionar en la pol\u00edtica, Villavicencio se dedicaba al periodismo de investigaci\u00f3n. Sus publicaciones sobre el caso Arroz Verde, como denomin\u00f3 a la trama de corrupci\u00f3n que incluy\u00f3 sobornos para financiar al extinto partido Alianza Pa\u00eds, fue clave para la apertura de la investigaci\u00f3n judicial que termin\u00f3 en la sentencia de algunos l\u00edderes corre\u00edstas incluyendo al ex presidente Rafael Correa, a su vicepresidente y a otros de sus funcionarios.<\/p>\n\n\n\n<p>Villavicencio participaba junto a Andrea Gonz\u00e1lez Nader, una joven guayaquile\u00f1a vinculada al activismo medioambiental.<\/p>\n\n\n\n<p>La noticia sobre el asesinato del candidato ha estremecido al pa\u00eds. Villavicencio y su equipo hab\u00edan recibido amenazas durante esta campa\u00f1a electoral. Dichas amenazas estaban vinculadas con la banda Los Choneros y su cabecilla alias Fito, seg\u00fan inform\u00f3 su equipo de campa\u00f1a y seg\u00fan cont\u00f3 Villavicencio en varios medios locales. Antes tambi\u00e9n sufri\u00f3 atentados, por lo que, desde su faceta como legislador, contaba con seguridad policial. Seg\u00fan se observa en los videos grabados por testigos, los agentes policiales que respondieron al ataque tambi\u00e9n resultaron heridos.<\/p>\n\n\n\n<p>Luisa Gonz\u00e1lez, candidata por el movimiento Revoluci\u00f3n Ciudadana af\u00edn al ex presidente Rafael Correa, dijo sentirse indignada ante el asesinato de Villavicencio: \u201cCon indignaci\u00f3n recibo la terrible noticia del atentado que produjo el fallecimiento de Fernando Villavicencio, esto nos enluta a todos, mi abrazo solidario a toda su familia y coidearios. \u00a1Este vil acto no quedar\u00e1 en la impunidad!\u201d, escribi\u00f3.<\/p>\n\n\n\n<p>A menos de un d\u00eda de su asesinato, Villavicencio public\u00f3 en su cuenta de Instagram un reel donde mencion\u00f3 a la candidata Gonz\u00e1lez: \u201cAqu\u00ed estoy do\u00f1a Luisa Gonz\u00e1lez&#8230; A m\u00ed me han dicho que use chaleco (antibalas). Aqu\u00ed estoy (con la) camisa sudada&#8230; Ustedes son mi chaleco antibalas\u201d, dijo el candidato durante un mit\u00edn en Chone, Manab\u00ed. Villavicencio era considerado el candidato anticorre\u00edsta.<\/p>\n\n\n\n<p>(Informaci\u00f3n de Infobae)<\/p>\n","protected":false},"excerpt":{"rendered":"<p>Redacci\u00f3n\/Zona Roja Cdmx. Ciudad de M\u00e9xico, a 9 de agosto de 2023.- El candidato a&hellip;<\/p>\n","protected":false},"author":2,"featured_media":58555,"comment_status":"closed","ping_status":"open","sticky":false,"template":"","format":"standard","meta":{"_lmt_disableupdate":"","_lmt_disable":"","_jetpack_memberships_contains_paid_content":false,"footnotes":""},"categories":[109,51],"tags":[3644],"class_list":["post-58554","post","type-post","status-publish","format-standard","has-post-thumbnail","hentry","category-minuto-a-minuto","category-zona-roja","tag-fernando-villavicencio-ecuador"],"jetpack_featured_media_url":"https:\/\/zonaroja.com.mx\/wp-content\/uploads\/2023\/08\/Fernando-Villavicencio-Ecuador.jpeg","jetpack_sharing_enabled":true,"_links":{"self":[{"href":"https:\/\/zonaroja.com.mx\/index.php?rest_route=\/wp\/v2\/posts\/58554","targetHints":{"allow":["GET"]}}],"collection":[{"href":"https:\/\/zonaroja.com.mx\/index.php?rest_route=\/wp\/v2\/posts"}],"about":[{"href":"https:\/\/zonaroja.com.mx\/index.php?rest_route=\/wp\/v2\/types\/post"}],"author":[{"embeddable":true,"href":"https:\/\/zonaroja.com.mx\/index.php?rest_route=\/wp\/v2\/users\/2"}],"replies":[{"embeddable":true,"href":"https:\/\/zonaroja.com.mx\/index.php?rest_route=%2Fwp%2Fv2%2Fcomments&post=58554"}],"version-history":[{"count":1,"href":"https:\/\/zonaroja.com.mx\/index.php?rest_route=\/wp\/v2\/posts\/58554\/revisions"}],"predecessor-version":[{"id":58556,"href":"https:\/\/zonaroja.com.mx\/index.php?rest_route=\/wp\/v2\/posts\/58554\/revisions\/58556"}],"wp:featuredmedia":[{"embeddable":true,"href":"https:\/\/zonaroja.com.mx\/index.php?rest_route=\/wp\/v2\/media\/58555"}],"wp:attachment":[{"href":"https:\/\/zonaroja.com.mx\/index.php?rest_route=%2Fwp%2Fv2%2Fmedia&parent=58554"}],"wp:term":[{"taxonomy":"category","embeddable":true,"href":"https:\/\/zonaroja.com.mx\/index.php?rest_route=%2Fwp%2Fv2%2Fcategories&post=58554"},{"taxonomy":"post_tag","embeddable":true,"href":"https:\/\/zonaroja.com.mx\/index.php?rest_route=%2Fwp%2Fv2%2Ftags&post=58554"}],"curies":[{"name":"wp","href":"https:\/\/api.w.org\/{rel}","templated":true}]}}