{"id":58562,"date":"2023-08-10T07:43:11","date_gmt":"2023-08-10T12:43:11","guid":{"rendered":"http:\/\/www.zonaroja.com.mx\/?p=58562"},"modified":"2023-08-10T07:43:13","modified_gmt":"2023-08-10T12:43:13","slug":"candidato-de-ecuador-asesinado-habia-denunciado-amenazas-del-cartel-de-sinaloa","status":"publish","type":"post","link":"https:\/\/zonaroja.com.mx\/?p=58562","title":{"rendered":"Candidato de Ecuador asesinado hab\u00eda denunciado amenazas del C\u00e1rtel de Sinaloa"},"content":{"rendered":"\n<p>Redacci\u00f3n\/Zona Roja Cdmx.<\/p>\n\n\n\n<p>Ciudad de M\u00e9xico, a 10 de agosto de 2023.- Fernando Villavicencio, identificado como un ac\u00e9rrimo detractor del expresidente Rafael Correa, se movilizaba con protecci\u00f3n policial ante amenazas que hab\u00eda recibido semanas atr\u00e1s.&nbsp;<\/p>\n\n\n\n<p>Particularmente, denunci\u00f3 amenazas por parte de un sujeto conocido como \u2018Fito\u2019, capo de un grupo conocido como \u2018Los Choneros\u2018, ligado al C\u00e1rtel de Sinaloa.<\/p>\n\n\n\n<p>El candidato a la Presidencia de Ecuador fue asesinado este mi\u00e9rcoles tras recibir disparos de desconocidos a la salida de un mitin electoral de su campa\u00f1a en un c\u00e9ntrico sector de Quito.<\/p>\n\n\n\n<p>El ministro del Interior, Juan Zapata, confirm\u00f3 la informaci\u00f3n y asegur\u00f3 que el ataque fue perpetrado por sicarios que, adem\u00e1s, hirieron a otras personas.<\/p>\n\n\n\n<p>Seg\u00fan informaciones de medios locales, agentes especiales investigaban la posibilidad de la colocaci\u00f3n un artefacto explosivo en el coliseo de una unidad educativa en la que el candidato cumpl\u00eda una acci\u00f3n proselitista.<\/p>\n\n\n\n<p>El asesinato de Villavicencio se dio en un momento en que el pa\u00eds sufre una escalada de la violencia por la acci\u00f3n de bandas criminales.<\/p>\n\n\n\n<p>OLA CRIMINAL<\/p>\n\n\n\n<p>A diario se reproducen m\u00faltiples informaciones de asesinatos, matanzas, extorsiones, ataques con explosivos, entre otros delitos, que han sembrado terror entre los ecuatorianos que sufren de este tipo de hechos violentos desde hace algo m\u00e1s de dos a\u00f1os.<\/p>\n\n\n\n<p>Ecuador cerr\u00f3 2022 con la mayor tasa de muertes violentas de su historia, al registrar 25.32 por cada 100 mil habitantes, la gran mayor\u00eda asociada, seg\u00fan el Gobierno, al crimen organizado y al narcotr\u00e1fico, que ha ganado fuerza en la costa y ha convertido a los puertos en grandes trampolines para la coca\u00edna que llega a Europa y Norteam\u00e9rica.<\/p>\n\n\n\n<p>Justamente, la lucha contra la criminalidad ha sido una de las principales promesas de los candidatos que aspiran a suceder en la presidencia al conservador Guillermo Lasso en las elecciones generales extraordinarias convocadas para el pr\u00f3ximo domingo 20 de agosto.<\/p>\n\n\n\n<p>Adem\u00e1s de Villavicencio, para los comicios presidenciales se hab\u00edan inscrito el ambientalista Yaku P\u00e9rez, la corre\u00edsta Luisa Gonz\u00e1lez, el experto en seguridad Jan Topic, el exvicepresiente Otto Sonnenholzner, el pol\u00edtico Daniel Hervas, el empresario Daniel Noboa y el independiente Bol\u00edvar Armijos.<\/p>\n\n\n\n<p>(Con informaci\u00f3n de EFE y \u201cEl Tiempo\u201d)<\/p>\n","protected":false},"excerpt":{"rendered":"<p>Redacci\u00f3n\/Zona Roja Cdmx. Ciudad de M\u00e9xico, a 10 de agosto de 2023.- Fernando Villavicencio, identificado&hellip;<\/p>\n","protected":false},"author":2,"featured_media":58563,"comment_status":"closed","ping_status":"open","sticky":false,"template":"","format":"standard","meta":{"_lmt_disableupdate":"","_lmt_disable":"","_jetpack_memberships_contains_paid_content":false,"footnotes":""},"categories":[109,47],"tags":[3644],"class_list":["post-58562","post","type-post","status-publish","format-standard","has-post-thumbnail","hentry","category-minuto-a-minuto","category-zona-gris","tag-fernando-villavicencio-ecuador"],"jetpack_featured_media_url":"https:\/\/zonaroja.com.mx\/wp-content\/uploads\/2023\/08\/Candidato-Fernando-Villavicencio-Ecuador.jpeg","jetpack_sharing_enabled":true,"_links":{"self":[{"href":"https:\/\/zonaroja.com.mx\/index.php?rest_route=\/wp\/v2\/posts\/58562","targetHints":{"allow":["GET"]}}],"collection":[{"href":"https:\/\/zonaroja.com.mx\/index.php?rest_route=\/wp\/v2\/posts"}],"about":[{"href":"https:\/\/zonaroja.com.mx\/index.php?rest_route=\/wp\/v2\/types\/post"}],"author":[{"embeddable":true,"href":"https:\/\/zonaroja.com.mx\/index.php?rest_route=\/wp\/v2\/users\/2"}],"replies":[{"embeddable":true,"href":"https:\/\/zonaroja.com.mx\/index.php?rest_route=%2Fwp%2Fv2%2Fcomments&post=58562"}],"version-history":[{"count":1,"href":"https:\/\/zonaroja.com.mx\/index.php?rest_route=\/wp\/v2\/posts\/58562\/revisions"}],"predecessor-version":[{"id":58564,"href":"https:\/\/zonaroja.com.mx\/index.php?rest_route=\/wp\/v2\/posts\/58562\/revisions\/58564"}],"wp:featuredmedia":[{"embeddable":true,"href":"https:\/\/zonaroja.com.mx\/index.php?rest_route=\/wp\/v2\/media\/58563"}],"wp:attachment":[{"href":"https:\/\/zonaroja.com.mx\/index.php?rest_route=%2Fwp%2Fv2%2Fmedia&parent=58562"}],"wp:term":[{"taxonomy":"category","embeddable":true,"href":"https:\/\/zonaroja.com.mx\/index.php?rest_route=%2Fwp%2Fv2%2Fcategories&post=58562"},{"taxonomy":"post_tag","embeddable":true,"href":"https:\/\/zonaroja.com.mx\/index.php?rest_route=%2Fwp%2Fv2%2Ftags&post=58562"}],"curies":[{"name":"wp","href":"https:\/\/api.w.org\/{rel}","templated":true}]}}