{"id":58565,"date":"2023-08-10T09:30:00","date_gmt":"2023-08-10T14:30:00","guid":{"rendered":"http:\/\/www.zonaroja.com.mx\/?p=58565"},"modified":"2023-08-10T07:53:45","modified_gmt":"2023-08-10T12:53:45","slug":"suman-tres-asesinados-el-miercoles-en-oaxaca","status":"publish","type":"post","link":"https:\/\/zonaroja.com.mx\/?p=58565","title":{"rendered":"Suman tres asesinados el mi\u00e9rcoles en Oaxaca"},"content":{"rendered":"\n<p>Ismael Garc\u00eda M.\/Zona Roja.<\/p>\n\n\n\n<p>Oaxaca de Ju\u00e1rez, Oax., a 10 de agosto de 2023.- A tres ascendi\u00f3 el n\u00famero de personas asesinadas ayer mi\u00e9rcoles en Oaxaca, dos de ellas por disparo de armas de fuego.<\/p>\n\n\n\n<p>Anoche en Chahuites, municipio ubicado al oriente de la regi\u00f3n del Istmo, fue localizado el cuerpo sin vida de un individuo; presenta diversas lesiones, al parecer por arma blanca, y signos de tortura<\/p>\n\n\n\n<p>De manera preliminar se inform\u00f3 que se trata Diego T. O., de aproximadamente 22 a\u00f1os de edad, originario de San Pedro Tapanatepec y quien hab\u00eda sido reportado como desaparecido.<\/p>\n\n\n\n<p>Se hall\u00f3 envuelto en cobijas y maniatado, por lo cual se presume que fue una ejecuci\u00f3n; la Vicefiscal\u00eda Regional del Istmo inici\u00f3 las indagatorias correspondientes.<\/p>\n\n\n\n<p>Como se inform\u00f3, ayer por la noche en la agencia Vista Hermosa de Huajuapan de Le\u00f3n, fue asesinado un taxista, en el exterior de su unidad de motor.<\/p>\n\n\n\n<p>Mientras que por la madrugada fue ultimado a balazos un individuo al salir de un bar, en la confluencia de las agencias de San Mart\u00edn Mexic\u00e1pam y Montoya, ciudad de Oaxaca; otro hombre m\u00e1s result\u00f3 lesionado.<\/p>\n","protected":false},"excerpt":{"rendered":"<p>Ismael Garc\u00eda M.\/Zona Roja. Oaxaca de Ju\u00e1rez, Oax., a 10 de agosto de 2023.- A&hellip;<\/p>\n","protected":false},"author":2,"featured_media":49033,"comment_status":"closed","ping_status":"open","sticky":false,"template":"","format":"standard","meta":{"_lmt_disableupdate":"","_lmt_disable":"","_jetpack_memberships_contains_paid_content":false,"footnotes":""},"categories":[109,51],"tags":[1613],"class_list":["post-58565","post","type-post","status-publish","format-standard","has-post-thumbnail","hentry","category-minuto-a-minuto","category-zona-roja","tag-chauites"],"jetpack_featured_media_url":"https:\/\/zonaroja.com.mx\/wp-content\/uploads\/2022\/12\/Escena-crimen-asesinato-violencia.jpg","jetpack_sharing_enabled":true,"_links":{"self":[{"href":"https:\/\/zonaroja.com.mx\/index.php?rest_route=\/wp\/v2\/posts\/58565","targetHints":{"allow":["GET"]}}],"collection":[{"href":"https:\/\/zonaroja.com.mx\/index.php?rest_route=\/wp\/v2\/posts"}],"about":[{"href":"https:\/\/zonaroja.com.mx\/index.php?rest_route=\/wp\/v2\/types\/post"}],"author":[{"embeddable":true,"href":"https:\/\/zonaroja.com.mx\/index.php?rest_route=\/wp\/v2\/users\/2"}],"replies":[{"embeddable":true,"href":"https:\/\/zonaroja.com.mx\/index.php?rest_route=%2Fwp%2Fv2%2Fcomments&post=58565"}],"version-history":[{"count":1,"href":"https:\/\/zonaroja.com.mx\/index.php?rest_route=\/wp\/v2\/posts\/58565\/revisions"}],"predecessor-version":[{"id":58566,"href":"https:\/\/zonaroja.com.mx\/index.php?rest_route=\/wp\/v2\/posts\/58565\/revisions\/58566"}],"wp:featuredmedia":[{"embeddable":true,"href":"https:\/\/zonaroja.com.mx\/index.php?rest_route=\/wp\/v2\/media\/49033"}],"wp:attachment":[{"href":"https:\/\/zonaroja.com.mx\/index.php?rest_route=%2Fwp%2Fv2%2Fmedia&parent=58565"}],"wp:term":[{"taxonomy":"category","embeddable":true,"href":"https:\/\/zonaroja.com.mx\/index.php?rest_route=%2Fwp%2Fv2%2Fcategories&post=58565"},{"taxonomy":"post_tag","embeddable":true,"href":"https:\/\/zonaroja.com.mx\/index.php?rest_route=%2Fwp%2Fv2%2Ftags&post=58565"}],"curies":[{"name":"wp","href":"https:\/\/api.w.org\/{rel}","templated":true}]}}