{"id":58567,"date":"2023-08-10T11:30:00","date_gmt":"2023-08-10T16:30:00","guid":{"rendered":"http:\/\/www.zonaroja.com.mx\/?p=58567"},"modified":"2023-08-10T07:57:29","modified_gmt":"2023-08-10T12:57:29","slug":"galvez-paredes-creel-y-de-la-madrid-aspirantes-finalistas-de-oposicion","status":"publish","type":"post","link":"https:\/\/zonaroja.com.mx\/?p=58567","title":{"rendered":"G\u00e1lvez, Paredes, Creel y De la Madrid, aspirantes finalistas de oposici\u00f3n"},"content":{"rendered":"\n<p>Redacci\u00f3n\/Zona Roja Cdmx.<\/p>\n\n\n\n<p>Ciudad de M\u00e9xico, a 10 de agosto de 2023.- El Comit\u00e9 Organizador del proceso de construcci\u00f3n del Frente Amplio por M\u00e9xico (FAM) dictamin\u00f3 que s\u00f3lo los aspirantes X\u00f3chitl G\u00e1lvez, Santiago Creel, Beatriz Paredes y Enrique de la Madrid reunieron las 150 mil firmas requeridas y cumplen con los requisitos para seguir en la contienda de selecci\u00f3n de coordinador.<\/p>\n\n\n\n<p>Con ello competir\u00e1n por ser los \u201cresponsables\u201d de la construcci\u00f3n del FAM rumbo a la presidencia en 2024 dos panistas y dos priistas, no estar\u00e1 ning\u00fan aspirantre perredista, tampoco participar\u00e1 alg\u00fan representante ciudadano.<\/p>\n\n\n\n<p>LOS DESECHADOS<\/p>\n\n\n\n<p>En el camino quedaron aspirantes que tambi\u00e9n reunieron las 150 mil firmas pero no lograron la dispersi\u00f3n de las mismas, en este caso se encuentran el exjefe de Gobierno de la Ciudad, Miguel \u00c1ngel Mancera, cercano al Partido de la Revoluci\u00f3n Democr\u00e1tica (PRD), y quien hab\u00eda asegurado hace unas horas haber cumplido con el umbral exigido y por tanto seguir vivo en el proceso.<\/p>\n\n\n\n<p>Tampoco pasa el perredista Silvano Aureoles, quien hab\u00eda anunciado tener m\u00e1s de 200 mil firmas.<\/p>\n\n\n\n<p>Entre los panistas que tambi\u00e9n sumaron un importante n\u00famero de firmas se encuentra el exgobernador de Tamaulipas, Francisco Javier Garc\u00eda Cabeza de Vaca.<\/p>\n\n\n\n<p>Los aspirantes presidenciales y candidatos a ser los responsables del FAM sostendr\u00e1n su primer careo este jueves 10 por la tarde-noche, al Primer Gran Foro Visiones de M\u00e9xico.<\/p>\n\n\n\n<p>En rueda de prensa, los organizadores establecieron que fueron ya validadas 1.9 millones de firmas registradas y fue un proceso de participaci\u00f3n ciudadana voluntaria, sin promoci\u00f3n y adem\u00e1s los aspirantes establecieron en poco tiempo el acercamiento con la gente.<\/p>\n\n\n\n<p>El n\u00famero de firmas recaudado equivale a lo que se requerir\u00eda para el proceso de creaci\u00f3n de ocho nuevos partidos pol\u00edticos, festejo Arturo S\u00e1nchez, integrante del Comit\u00e9.<\/p>\n\n\n\n<p>Adem\u00e1s, record\u00f3 \u201cel padr\u00f3n sigue vivo hasta el d\u00eda 20 de este mes seguir\u00e1n inscribi\u00e9ndose los ciudadanos\u201d.<\/p>\n\n\n\n<p>Los organizadores confiaron en que quienes participaron y no quedaron se sumen a los trabajos por venir entre ellos Miguel \u00c1ngel Mancera, Ignacio Loyola, Silvano Aureoles, Israel Rivas y Francisco Garc\u00eda Cabeza de Vaca.<\/p>\n\n\n\n<p>DANZA DE CIFRAS<\/p>\n\n\n\n<p>El Comit\u00e9 Organizador del FAM s\u00f3lo inform\u00f3 haber reunido 1.9 millones de \u201csimpat\u00edas\u201d, pero rechaz\u00f3 proporcionar el desglose de \u00e9stas reunidas por cada uno de los aspirantes que cumplieron el umbral requerido, aunque se hab\u00eda comprometido a proporcionar los datos por principio de \u201cm\u00e1xima publicidad\u201d.<\/p>\n\n\n\n<p>Arturo S\u00e1nchez y Alejandra Latap\u00ed, integrantes del Comit\u00e9 Organizador, aseguraron que no dieron cifras para no generar \u201cning\u00fan elemento de inequidad en la competencia\u201d. Adem\u00e1s, \u201ctodav\u00eda no termina el proceso\u201d o \u201cnunca dijimos que lo informar\u00edamos en este momento\u201d, se deslindaron.<\/p>\n\n\n\n<p>Sin embargo, la senadora X\u00f3chitl G\u00e1lvez afirm\u00f3 que lleg\u00f3 a 555 mil firmas, con lo que se habr\u00eda colocado en la delantera, seg\u00fan lo expresado por los propios aspirantes.<\/p>\n\n\n\n<p>Seg\u00fan el diputado panista Santiago Creel Miranda, \u00e9l reuni\u00f3 350 mil respaldos.<\/p>\n\n\n\n<p>Enrique de la Madrid Hurtado ser\u00e1 el primero en participar en el Foro y no quiso dar a conocer el n\u00famero de firmas que reuni\u00f3.<\/p>\n\n\n\n<p>El Foro se realizar\u00e1 a partir de las 19:00 horas, durar\u00e1 hora y media y ser\u00e1 moderado por los comunicadores Gabriela Ju\u00e1rez y Manuel L\u00f3pez SanMart\u00edn, pero no fue comunicado el formato o si se permitir\u00e1 el debate.<\/p>\n\n\n\n<p>(Informaci\u00f3n de Expansi\u00f3n Pol\u00edtica)<\/p>\n","protected":false},"excerpt":{"rendered":"<p>Redacci\u00f3n\/Zona Roja Cdmx. Ciudad de M\u00e9xico, a 10 de agosto de 2023.- El Comit\u00e9 Organizador&hellip;<\/p>\n","protected":false},"author":2,"featured_media":0,"comment_status":"closed","ping_status":"open","sticky":false,"template":"","format":"standard","meta":{"_lmt_disableupdate":"","_lmt_disable":"","_jetpack_memberships_contains_paid_content":false,"footnotes":""},"categories":[109,46],"tags":[3609],"class_list":["post-58567","post","type-post","status-publish","format-standard","hentry","category-minuto-a-minuto","category-zona-blanca","tag-frente-amplio-por-mexico"],"jetpack_featured_media_url":"","jetpack_sharing_enabled":true,"_links":{"self":[{"href":"https:\/\/zonaroja.com.mx\/index.php?rest_route=\/wp\/v2\/posts\/58567","targetHints":{"allow":["GET"]}}],"collection":[{"href":"https:\/\/zonaroja.com.mx\/index.php?rest_route=\/wp\/v2\/posts"}],"about":[{"href":"https:\/\/zonaroja.com.mx\/index.php?rest_route=\/wp\/v2\/types\/post"}],"author":[{"embeddable":true,"href":"https:\/\/zonaroja.com.mx\/index.php?rest_route=\/wp\/v2\/users\/2"}],"replies":[{"embeddable":true,"href":"https:\/\/zonaroja.com.mx\/index.php?rest_route=%2Fwp%2Fv2%2Fcomments&post=58567"}],"version-history":[{"count":1,"href":"https:\/\/zonaroja.com.mx\/index.php?rest_route=\/wp\/v2\/posts\/58567\/revisions"}],"predecessor-version":[{"id":58569,"href":"https:\/\/zonaroja.com.mx\/index.php?rest_route=\/wp\/v2\/posts\/58567\/revisions\/58569"}],"wp:attachment":[{"href":"https:\/\/zonaroja.com.mx\/index.php?rest_route=%2Fwp%2Fv2%2Fmedia&parent=58567"}],"wp:term":[{"taxonomy":"category","embeddable":true,"href":"https:\/\/zonaroja.com.mx\/index.php?rest_route=%2Fwp%2Fv2%2Fcategories&post=58567"},{"taxonomy":"post_tag","embeddable":true,"href":"https:\/\/zonaroja.com.mx\/index.php?rest_route=%2Fwp%2Fv2%2Ftags&post=58567"}],"curies":[{"name":"wp","href":"https:\/\/api.w.org\/{rel}","templated":true}]}}