{"id":58570,"date":"2023-08-10T15:57:00","date_gmt":"2023-08-10T20:57:00","guid":{"rendered":"http:\/\/www.zonaroja.com.mx\/?p=58570"},"modified":"2023-08-10T08:12:00","modified_gmt":"2023-08-10T13:12:00","slug":"un-mes-despues-de-fatal-accidente-en-oaxaca-angel-regresa-a-eu-sin-ayuda-de-autoridades","status":"publish","type":"post","link":"https:\/\/zonaroja.com.mx\/?p=58570","title":{"rendered":"Un mes despu\u00e9s de fatal accidente en Oaxaca, \u00c1ngel regresa a EU, sin ayuda de autoridades"},"content":{"rendered":"\n<p>Yuridiana Sosa\/Zona Roja.<\/p>\n\n\n\n<p>Oaxaca de Ju\u00e1rez, Oax., a 9 de agosto de 2023.- \u00c1ngel Robles Jim\u00e9nez, adolescente de origen hispano sobreviviente al accidente de un autob\u00fas en Oaxaca el 5 de julio, logr\u00f3 regresar a casa este 8 de agosto en Palo Alto, California, Estados Unidos.<\/p>\n\n\n\n<p>El joven de 15 a\u00f1os de edad, quien fue de vacaciones a Oaxaca, volvi\u00f3 luego de un mes hospitalizado en la entidad, donde permaneci\u00f3 por varios d\u00edas en estado de coma por la gravedad de los m\u00faltiples golpes que recibi\u00f3 en la volcadura del cami\u00f3n, pero, adem\u00e1s, \u00c1ngel sufri\u00f3 una lesi\u00f3n en la columna que ahora le impiden caminar.<\/p>\n\n\n\n<p>Con \u00e1nimos de una pronta recuperaci\u00f3n desde casa, bajo los cuidados de su madre, el sobreviviente aterriz\u00f3 este martes por la noche en el aeropuerto Moffett Field en Mountain View, en California, para despu\u00e9s ser trasladado a su casa en el \u00c1rea de la Bah\u00eda de San Francisco, en Palo Alto.<\/p>\n\n\n\n<p>Al momento del accidente, en la carretera a la altura de Magdalena Pe\u00f1asco, el adolescente iba acompa\u00f1ado por su abuelo Maximino Gildardo Jim\u00e9nez y su t\u00edo Ra\u00fal Jim\u00e9nez, quienes fallecieron en el lugar, mientras que su primo de 12 a\u00f1os de edad, tambi\u00e9n pasajero, result\u00f3 herido, pero su traslado fue m\u00e1s r\u00e1pido y logr\u00f3 atenci\u00f3n hospitalaria en Estados Unidos.<\/p>\n\n\n\n<p>GOBIERNOS INDIFERENTES<\/p>\n\n\n\n<p>Pero su llegada no fue f\u00e1cil, no s\u00f3lo por su estado de salud, tambi\u00e9n por la falta de ayuda de los gobiernos de Estados Unidos y M\u00e9xico, pese a la dif\u00edcil situaci\u00f3n para el menos de edad, quien requer\u00eda transporte&nbsp;especial.<\/p>\n\n\n\n<p>Familiares de \u00c1ngel dieron a conocer a la cadena televisa Telemundo que solicitaron la intervenci\u00f3n de la Embajada de Estados Unidos y del gobierno federal mexicano para el traslado, pero de ninguna obtuvo respuesta, lo que tambi\u00e9n retras\u00f3 el regreso del menor de edad a casa.<\/p>\n\n\n\n<p>El costo de traslado fue de 36 mil d\u00f3lares, lo cual se pudo recaudar con aportaciones familiares y de amigos.<\/p>\n\n\n\n<figure class=\"wp-block-embed is-type-rich is-provider-twitter wp-block-embed-twitter\"><div class=\"wp-block-embed__wrapper\">\n<div class=\"twitter-tweet\"><blockquote class=\"twitter-tweet\" data-lang=\"es\"><p lang=\"es\" dir=\"ltr\">\u00c1ngel Robles Jim\u00e9nez, adolescente de origen hispano sobreviviente al accidente de un autob\u00fas en la Mixteca de <a href=\"https:\/\/twitter.com\/hashtag\/Oaxaca?src=hash&amp;ref_src=twsrc%5Etfw\">#Oaxaca<\/a> el 5 de julio, logr\u00f3 regresar a casa este 8 de agosto en Palo Alto, California, Estados Unidos.<br>Aqu\u00ed la historia contada por <a href=\"https:\/\/twitter.com\/TelemundoNews?ref_src=twsrc%5Etfw\">@TelemundoNews<\/a>: <a href=\"https:\/\/t.co\/LDzpIChfZi\">pic.twitter.com\/LDzpIChfZi<\/a><\/p>&mdash; Zona Roja Oaxaca (@ZonaRoja_Oaxaca) <a href=\"https:\/\/twitter.com\/ZonaRoja_Oaxaca\/status\/1689409435020427264?ref_src=twsrc%5Etfw\">9 de agosto de 2023<\/a><\/blockquote><\/div>\n<\/div><\/figure>\n","protected":false},"excerpt":{"rendered":"<p>Yuridiana Sosa\/Zona Roja. Oaxaca de Ju\u00e1rez, Oax., a 9 de agosto de 2023.- \u00c1ngel Robles&hellip;<\/p>\n","protected":false},"author":2,"featured_media":58571,"comment_status":"closed","ping_status":"open","sticky":false,"template":"","format":"standard","meta":{"_lmt_disableupdate":"","_lmt_disable":"","_jetpack_memberships_contains_paid_content":false,"footnotes":""},"categories":[109,47],"tags":[3107],"class_list":["post-58570","post","type-post","status-publish","format-standard","has-post-thumbnail","hentry","category-minuto-a-minuto","category-zona-gris","tag-magdalena-penasco"],"jetpack_featured_media_url":"https:\/\/zonaroja.com.mx\/wp-content\/uploads\/2023\/08\/Accidente-autobus-Magdalena-Penasco.jpeg","jetpack_sharing_enabled":true,"_links":{"self":[{"href":"https:\/\/zonaroja.com.mx\/index.php?rest_route=\/wp\/v2\/posts\/58570","targetHints":{"allow":["GET"]}}],"collection":[{"href":"https:\/\/zonaroja.com.mx\/index.php?rest_route=\/wp\/v2\/posts"}],"about":[{"href":"https:\/\/zonaroja.com.mx\/index.php?rest_route=\/wp\/v2\/types\/post"}],"author":[{"embeddable":true,"href":"https:\/\/zonaroja.com.mx\/index.php?rest_route=\/wp\/v2\/users\/2"}],"replies":[{"embeddable":true,"href":"https:\/\/zonaroja.com.mx\/index.php?rest_route=%2Fwp%2Fv2%2Fcomments&post=58570"}],"version-history":[{"count":1,"href":"https:\/\/zonaroja.com.mx\/index.php?rest_route=\/wp\/v2\/posts\/58570\/revisions"}],"predecessor-version":[{"id":58572,"href":"https:\/\/zonaroja.com.mx\/index.php?rest_route=\/wp\/v2\/posts\/58570\/revisions\/58572"}],"wp:featuredmedia":[{"embeddable":true,"href":"https:\/\/zonaroja.com.mx\/index.php?rest_route=\/wp\/v2\/media\/58571"}],"wp:attachment":[{"href":"https:\/\/zonaroja.com.mx\/index.php?rest_route=%2Fwp%2Fv2%2Fmedia&parent=58570"}],"wp:term":[{"taxonomy":"category","embeddable":true,"href":"https:\/\/zonaroja.com.mx\/index.php?rest_route=%2Fwp%2Fv2%2Fcategories&post=58570"},{"taxonomy":"post_tag","embeddable":true,"href":"https:\/\/zonaroja.com.mx\/index.php?rest_route=%2Fwp%2Fv2%2Ftags&post=58570"}],"curies":[{"name":"wp","href":"https:\/\/api.w.org\/{rel}","templated":true}]}}