{"id":58573,"date":"2023-08-10T12:30:00","date_gmt":"2023-08-10T17:30:00","guid":{"rendered":"http:\/\/www.zonaroja.com.mx\/?p=58573"},"modified":"2023-08-10T13:16:45","modified_gmt":"2023-08-10T18:16:45","slug":"ayuntamiento-de-xoxocotlan-firma-convenio-por-una-lactancia-responsable","status":"publish","type":"post","link":"https:\/\/zonaroja.com.mx\/?p=58573","title":{"rendered":"Ayuntamiento de Xoxocotl\u00e1n firma convenio por una lactancia responsable"},"content":{"rendered":"\n<p>Redacci\u00f3n\/Zona Roja.&nbsp;<\/p>\n\n\n\n<p>Oaxaca de Ju\u00e1rez, Oax., a 10 de agosto de 2023.- Ante la importancia que tiene la lactancia en el desarrollo de las y los ni\u00f1os, el gobierno municipal de Santa Cruz Xoxocotl\u00e1n que encabeza Inocente Castellanos Alejos, a trav\u00e9s del DIF Municipal que preside Eric Enmanuel Ortiz Hern\u00e1ndez, firmaron un convenio de colaboraci\u00f3n con el Programa Integral de Lactancia Universitaria (PILU), mediante el que se impulsar\u00e1 la capacitaci\u00f3n al personal de salud y las madres lactantes del municipio.<\/p>\n\n\n\n<p>En un breve acto donde estuvo presente la coordinadora regional del PILU A.C., Carmen Fabiola Cervantes Ramales, el doctor \u201cChente\u201d Castellanos destac\u00f3 el inter\u00e9s de su gobierno por apoyar a las madres que enfrentan este proceso que marca el inicio de la formaci\u00f3n sana de las y los ni\u00f1os.<\/p>\n\n\n\n<p>En su mensaje, resalt\u00f3 la labor que realiza el DIF Municipal y en especial, la comprometida tarea que lleva a cabo el presidente honorario, Eric Ortiz Hern\u00e1ndez para gestionar y consolidar acciones que benefician a los sectores m\u00e1s vulnerables.<\/p>\n\n\n\n<p>\u201cEsta firma de convenio y realizarlo en el marco de la Semana Mundial de la Lactancia Materna, enfocada en este a\u00f1o a las madres que trabajan, nos recuerda que es justo desde el gobierno donde debemos comenzar a dar ejemplo de respaldo y ayuda a las mujeres que se encuentran amamantando, un acto de amor y garant\u00eda de salud para las infancias\u201d, expres\u00f3.<\/p>\n\n\n\n<p>Por su parte, Eric Ortiz agradeci\u00f3 a las Asociaciones Civiles Comunidad Familia Feliz, y Programa Integral de Lactancia Universitaria (PILUS) por hacer sinergia con el municipio de Xoxo.<\/p>\n\n\n\n<figure class=\"wp-block-embed is-type-rich is-provider-twitter wp-block-embed-twitter\"><div class=\"wp-block-embed__wrapper\">\n<div class=\"twitter-tweet\"><blockquote class=\"twitter-tweet\" data-lang=\"es\"><p lang=\"es\" dir=\"ltr\">En <a href=\"https:\/\/twitter.com\/hashtag\/Xoxocotl%C3%A1n?src=hash&amp;ref_src=twsrc%5Etfw\">#Xoxocotl\u00e1n<\/a> promovemos la lactancia materna. El <a href=\"https:\/\/twitter.com\/DrCCastellanos?ref_src=twsrc%5Etfw\">@DrCCastellanos<\/a>  y el presidente honorario del <a href=\"https:\/\/twitter.com\/XoxocotlanDIF?ref_src=twsrc%5Etfw\">@XoxocotlanDIF<\/a> ,  <a href=\"https:\/\/twitter.com\/EricOrtizH?ref_src=twsrc%5Etfw\">@EricOrtizH<\/a>  firmaron convenio con el Programa Integral de Lactancia Universitaria que capacitar\u00e1 mujeres de la localidad en esta etapa. <a href=\"https:\/\/t.co\/m5MUcZmOoZ\">pic.twitter.com\/m5MUcZmOoZ<\/a><\/p>&mdash; H. Ayuntamiento de Santa Cruz Xoxocotl\u00e1n (@GobXoxocotlan) <a href=\"https:\/\/twitter.com\/GobXoxocotlan\/status\/1689103637157449728?ref_src=twsrc%5Etfw\">9 de agosto de 2023<\/a><\/blockquote><\/div>\n<\/div><\/figure>\n\n\n\n<p>\u201cAgradezco a quienes hoy son nuestras y nuestros aliados para traer este beneficio a la comunidad, estoy seguro que ser\u00e1 de gran ayuda, pues nuestro personal debe actualizarse constantemente para brindar un mejor servicio a la poblaci\u00f3n y, sobre todo, las madres lactantes deben sentirse respaldadas y tener a la mano toda la informaci\u00f3n necesaria. \u00a1En Xoxo juntos y en familia avanzamos todos!\u201d, enfatiz\u00f3<\/p>\n\n\n\n<p>Finalmente, la coordinadora de PILU, A.C en Oaxaca, Carmen Cervantes, agradeci\u00f3 la disposici\u00f3n de las autoridades municipales para llevar a cabo la firma de este convenio que beneficia a las mujeres xoxe\u00f1as en lactancia.<\/p>\n\n\n\n<p>&nbsp;\u201cLa principal misi\u00f3n de la Semana de la Lactancia Materna, es crear conciencia y estimular la acci\u00f3n sobre temas relacionados con este tema. El Centro Nacional para la Salud de la Infancia y la Adolescencia se une a la comunidad para apoyar las medidas de fortalecimiento a la protecci\u00f3n, promoci\u00f3n y apoyo el derecho a la lactancia materna en M\u00e9xico\u201d, puntualiz\u00f3.<\/p>\n\n\n\n<p>En el acto estuvo presente tambi\u00e9n Karina Xiu Mart\u00ednez, procuradora municipal de los Derechos de Ni\u00f1as, Ni\u00f1os y Adolescentes del Gobierno Municipal de Xoxocotl\u00e1n.<\/p>\n","protected":false},"excerpt":{"rendered":"<p>Redacci\u00f3n\/Zona Roja.&nbsp; Oaxaca de Ju\u00e1rez, Oax., a 10 de agosto de 2023.- Ante la importancia&hellip;<\/p>\n","protected":false},"author":2,"featured_media":58589,"comment_status":"closed","ping_status":"open","sticky":false,"template":"","format":"standard","meta":{"_lmt_disableupdate":"","_lmt_disable":"","_jetpack_memberships_contains_paid_content":false,"footnotes":""},"categories":[109,46],"tags":[133],"class_list":["post-58573","post","type-post","status-publish","format-standard","has-post-thumbnail","hentry","category-minuto-a-minuto","category-zona-blanca","tag-santa-cruz-xoxocotlan"],"jetpack_featured_media_url":"https:\/\/zonaroja.com.mx\/wp-content\/uploads\/2023\/08\/c9d49718-9475-4eb0-91cf-5477acdadf88.jpg","jetpack_sharing_enabled":true,"_links":{"self":[{"href":"https:\/\/zonaroja.com.mx\/index.php?rest_route=\/wp\/v2\/posts\/58573","targetHints":{"allow":["GET"]}}],"collection":[{"href":"https:\/\/zonaroja.com.mx\/index.php?rest_route=\/wp\/v2\/posts"}],"about":[{"href":"https:\/\/zonaroja.com.mx\/index.php?rest_route=\/wp\/v2\/types\/post"}],"author":[{"embeddable":true,"href":"https:\/\/zonaroja.com.mx\/index.php?rest_route=\/wp\/v2\/users\/2"}],"replies":[{"embeddable":true,"href":"https:\/\/zonaroja.com.mx\/index.php?rest_route=%2Fwp%2Fv2%2Fcomments&post=58573"}],"version-history":[{"count":1,"href":"https:\/\/zonaroja.com.mx\/index.php?rest_route=\/wp\/v2\/posts\/58573\/revisions"}],"predecessor-version":[{"id":58575,"href":"https:\/\/zonaroja.com.mx\/index.php?rest_route=\/wp\/v2\/posts\/58573\/revisions\/58575"}],"wp:featuredmedia":[{"embeddable":true,"href":"https:\/\/zonaroja.com.mx\/index.php?rest_route=\/wp\/v2\/media\/58589"}],"wp:attachment":[{"href":"https:\/\/zonaroja.com.mx\/index.php?rest_route=%2Fwp%2Fv2%2Fmedia&parent=58573"}],"wp:term":[{"taxonomy":"category","embeddable":true,"href":"https:\/\/zonaroja.com.mx\/index.php?rest_route=%2Fwp%2Fv2%2Fcategories&post=58573"},{"taxonomy":"post_tag","embeddable":true,"href":"https:\/\/zonaroja.com.mx\/index.php?rest_route=%2Fwp%2Fv2%2Ftags&post=58573"}],"curies":[{"name":"wp","href":"https:\/\/api.w.org\/{rel}","templated":true}]}}