{"id":58576,"date":"2023-08-10T13:30:00","date_gmt":"2023-08-10T18:30:00","guid":{"rendered":"http:\/\/www.zonaroja.com.mx\/?p=58576"},"modified":"2023-08-10T08:29:26","modified_gmt":"2023-08-10T13:29:26","slug":"plantea-diputada-de-oaxaca-fortalecer-ley-penal-contra-explotacion-de-mujeres","status":"publish","type":"post","link":"https:\/\/zonaroja.com.mx\/?p=58576","title":{"rendered":"Plantea diputada de Oaxaca fortalecer ley penal contra explotaci\u00f3n de mujeres\u00a0"},"content":{"rendered":"\n<p>Redacci\u00f3n\/Zona Roja.&nbsp;<\/p>\n\n\n\n<p>Oaxaca de Ju\u00e1rez, Oax., a 10 de agosto de 2023.- La diputada local Mariana Ben\u00edtez Tiburcio present\u00f3 una iniciativa con proyecto de decreto para modificar el C\u00f3digo Penal del Estado de Oaxaca, y establecer que todo tipo de actividad, trabajo o cualquier forma de explotaci\u00f3n contra las mujeres sea considerada una raz\u00f3n de g\u00e9nero para el delito de feminicidio.<\/p>\n\n\n\n<p>En tribuna, se\u00f1al\u00f3 que el feminicidio no es un acto aislado, adem\u00e1s de privar de la vida las mujeres, comienza con actos previos que privan de la dignidad humana y la despojan de toda dignidad. &nbsp;\u201cEl feminicidio se enlaza con la explotaci\u00f3n de las mujeres, pues la explotaci\u00f3n implica su deshumanizaci\u00f3n y en consecuencia no se le ve una persona con dignidad\u201d, indic\u00f3.<\/p>\n\n\n\n<p>Explic\u00f3 que la explotaci\u00f3n se expresa de muchas formas, una de ellas es la trata de personas, llamada esclavitud moderna, en la que las v\u00edctimas son principalmente mujeres y ni\u00f1as en todo el mundo, v\u00edctimas que son explotadas en una amplia gama de sectores.<\/p>\n\n\n\n<p>\u201cLa trata de personas con fines de explotaci\u00f3n sexual y el feminicidio representan una importante violaci\u00f3n a los derechos humanos al ser una significativa expresi\u00f3n de violencia contra las mujeres. En ambos, la vulnerabilidad de las mujeres es un factor com\u00fan\u201d, sostuvo.<\/p>\n\n\n\n<figure class=\"wp-block-embed is-type-rich is-provider-twitter wp-block-embed-twitter\"><div class=\"wp-block-embed__wrapper\">\n<div class=\"twitter-tweet\"><blockquote class=\"twitter-tweet\" data-lang=\"es\"><p lang=\"es\" dir=\"ltr\">En sesi\u00f3n ordinaria del <a href=\"https:\/\/twitter.com\/CongresoOaxaca_?ref_src=twsrc%5Etfw\">@CongresoOaxaca_<\/a>, la diputada <a href=\"https:\/\/twitter.com\/marianabenitezt?ref_src=twsrc%5Etfw\">@marianabenitezt<\/a> present\u00f3 una iniciativa para modificar el C\u00f3digo Penal del Estado de Oaxaca, a fin de establecer que todo tipo de actividad, trabajo o cualquier forma de explotaci\u00f3n contra las mujeres sea considerada una\u2026 <a href=\"https:\/\/t.co\/cHFjj7r4pL\">pic.twitter.com\/cHFjj7r4pL<\/a><\/p>&mdash; Zona Roja Oaxaca (@ZonaRoja_Oaxaca) <a href=\"https:\/\/twitter.com\/ZonaRoja_Oaxaca\/status\/1689464350724042752?ref_src=twsrc%5Etfw\">10 de agosto de 2023<\/a><\/blockquote><\/div>\n<\/div><\/figure>\n\n\n\n<p>RECONOCMIENTO PLENO&nbsp;<\/p>\n\n\n\n<p>Durante la sesi\u00f3n ordinaria, la diputada Mariana Ben\u00edtez Tiburcio conmemor\u00f3 el natalicio de Mar\u00eda Cristina Salmor\u00e1n una excepcional mujer oaxaque\u00f1a, que naci\u00f3 el 10 de agosto 1918 y que dej\u00f3 una huella imborrable en el \u00e1mbito de la justicia y de los derechos humanos. \u201cMar\u00eda Cristina Salmor\u00e1n marc\u00f3 un importante avance para la conquista de espacios y de mayores garant\u00edas de protecci\u00f3n para las libertades\u201d, destac\u00f3.&nbsp;<\/p>\n\n\n\n<p>Por otra parte, la legisladora oaxaque\u00f1a present\u00f3 una efem\u00e9ride para conmemorar el D\u00eda Internacional de los Pueblos Ind\u00edgenas, instituido en 1994 por la Asamblea General de las Naciones Unidas.&nbsp;<\/p>\n\n\n\n<p>\u201cDebemos reflexionar sobre la riqueza cultural y la diversidad que enriquece nuestra naci\u00f3n, este es un d\u00eda para rendir homenaje a las ra\u00edces ancestrales que han moldeado nuestra historia y reconocer el invaluable legado de los pueblos ind\u00edgenas en la construcci\u00f3n de nuestras sociedades\u201d, concluy\u00f3.<\/p>\n\n\n\n<figure class=\"wp-block-embed is-type-rich is-provider-twitter wp-block-embed-twitter\"><div class=\"wp-block-embed__wrapper\">\n<div class=\"twitter-tweet\"><blockquote class=\"twitter-tweet\" data-lang=\"es\"><p lang=\"es\" dir=\"ltr\">En el marco del D\u00eda Internacional de los Pueblos Ind\u00edgenas, en la sesi\u00f3n ordinaria del <a href=\"https:\/\/twitter.com\/CongresoOaxaca_?ref_src=twsrc%5Etfw\">@CongresoOaxaca_<\/a> la diputada <a href=\"https:\/\/twitter.com\/marianabenitezt?ref_src=twsrc%5Etfw\">@marianabenitezt<\/a> exhort\u00f3 a otorgar pleno respeto a los derechos constitucionales de las comunidades del estado de Oaxaca. <a href=\"https:\/\/t.co\/tB7sdq52Tu\">pic.twitter.com\/tB7sdq52Tu<\/a><\/p>&mdash; Zona Roja Oaxaca (@ZonaRoja_Oaxaca) <a href=\"https:\/\/twitter.com\/ZonaRoja_Oaxaca\/status\/1689376675656540160?ref_src=twsrc%5Etfw\">9 de agosto de 2023<\/a><\/blockquote><\/div>\n<\/div><\/figure>\n","protected":false},"excerpt":{"rendered":"<p>Redacci\u00f3n\/Zona Roja.&nbsp; Oaxaca de Ju\u00e1rez, Oax., a 10 de agosto de 2023.- La diputada local&hellip;<\/p>\n","protected":false},"author":2,"featured_media":58578,"comment_status":"closed","ping_status":"open","sticky":false,"template":"","format":"standard","meta":{"_lmt_disableupdate":"","_lmt_disable":"","_jetpack_memberships_contains_paid_content":false,"footnotes":""},"categories":[109,46],"tags":[2969],"class_list":["post-58576","post","type-post","status-publish","format-standard","has-post-thumbnail","hentry","category-minuto-a-minuto","category-zona-blanca","tag-mariana-benitez-tiburcio"],"jetpack_featured_media_url":"https:\/\/zonaroja.com.mx\/wp-content\/uploads\/2023\/08\/Mariana-Benitez-Tiburcio.jpeg","jetpack_sharing_enabled":true,"_links":{"self":[{"href":"https:\/\/zonaroja.com.mx\/index.php?rest_route=\/wp\/v2\/posts\/58576","targetHints":{"allow":["GET"]}}],"collection":[{"href":"https:\/\/zonaroja.com.mx\/index.php?rest_route=\/wp\/v2\/posts"}],"about":[{"href":"https:\/\/zonaroja.com.mx\/index.php?rest_route=\/wp\/v2\/types\/post"}],"author":[{"embeddable":true,"href":"https:\/\/zonaroja.com.mx\/index.php?rest_route=\/wp\/v2\/users\/2"}],"replies":[{"embeddable":true,"href":"https:\/\/zonaroja.com.mx\/index.php?rest_route=%2Fwp%2Fv2%2Fcomments&post=58576"}],"version-history":[{"count":1,"href":"https:\/\/zonaroja.com.mx\/index.php?rest_route=\/wp\/v2\/posts\/58576\/revisions"}],"predecessor-version":[{"id":58579,"href":"https:\/\/zonaroja.com.mx\/index.php?rest_route=\/wp\/v2\/posts\/58576\/revisions\/58579"}],"wp:featuredmedia":[{"embeddable":true,"href":"https:\/\/zonaroja.com.mx\/index.php?rest_route=\/wp\/v2\/media\/58578"}],"wp:attachment":[{"href":"https:\/\/zonaroja.com.mx\/index.php?rest_route=%2Fwp%2Fv2%2Fmedia&parent=58576"}],"wp:term":[{"taxonomy":"category","embeddable":true,"href":"https:\/\/zonaroja.com.mx\/index.php?rest_route=%2Fwp%2Fv2%2Fcategories&post=58576"},{"taxonomy":"post_tag","embeddable":true,"href":"https:\/\/zonaroja.com.mx\/index.php?rest_route=%2Fwp%2Fv2%2Ftags&post=58576"}],"curies":[{"name":"wp","href":"https:\/\/api.w.org\/{rel}","templated":true}]}}