{"id":58580,"date":"2023-08-10T11:31:00","date_gmt":"2023-08-10T16:31:00","guid":{"rendered":"http:\/\/www.zonaroja.com.mx\/?p=58580"},"modified":"2023-08-10T08:55:32","modified_gmt":"2023-08-10T13:55:32","slug":"alto-comisionado-de-la-onu-se-reune-con-desplazados-de-atatlahuca","status":"publish","type":"post","link":"https:\/\/zonaroja.com.mx\/?p=58580","title":{"rendered":"Alto Comisionado de la ONU se re\u00fane con desplazados de Atatlahuca"},"content":{"rendered":"\n<p>Redacci\u00f3n\/Zona Roja.<\/p>\n\n\n\n<p>Oaxaca de Ju\u00e1rez, Oax., a 10 de agosto de 2023.- &nbsp;Personal de la Oficina del Alto Comisionado de la ONU para los Derechos Humanos en M\u00e9xico (ONU-DH) se reuni\u00f3 el pasado 8 de agosto en Tlaxiaco, Oaxaca, con familiares de personas asesinadas y desaparecidas de las comunidades de Ndoyonoyuji, Mier y Ter\u00e1n y Guerrero Grande, de San Esteban Atatlahuca.<\/p>\n\n\n\n<p>Fue en el mes de octubre del 2021 en que quemaron aproximadamente 100 casas, asesinaron a los se\u00f1ores Jacinto Hern\u00e1ndez Quiroz, Mayolo Quiroz Barrios e Isidoro Hern\u00e1ndez.<\/p>\n\n\n\n<p>Adem\u00e1s, desaparecieron a los se\u00f1ores Miguel Bautista Avenda\u00f1o, de 56 a\u00f1os de edad; Donato Bautista Avenda\u00f1o, de 48 a\u00f1os; Marco Quiroz Ria\u00f1o, de 54 a\u00f1os.&nbsp;<\/p>\n\n\n\n<p>En tanto, en la Ciudad de M\u00e9xico el d\u00eda 27 de octubre del 2021 desapareci\u00f3 la defensora del bosque Irma Galindo Barrios de 41 a\u00f1os de edad.<\/p>\n\n\n\n<p>El Centro de Derechos Humanos y Asesor\u00eda a Pueblos Ind\u00edgenas A.C. (Cedhapi) inform\u00f3 que con fecha 31 de diciembre del 2021, el Comit\u00e9 contra la Desaparici\u00f3n Forzada de la ONU emiti\u00f3 una acci\u00f3n urgente solicitando al Estado Mexicano la b\u00fasqueda inmediata de los se\u00f1ores Miguel Bautista Avenda\u00f1o, Donato Bautista Avenda\u00f1o, Marco Quiroz Ria\u00f1o, Mayolo Quiroz Barrios e Irma Galindo Barrios, y la investigaci\u00f3n de su alegada desaparici\u00f3n forzada.<\/p>\n\n\n\n<p>Los enviados de Derechos Humanos de la ONU-DH tambi\u00e9n visitaron la oficina del Centro de Derechos Humanos y Asesor\u00eda a Pueblos Ind\u00edgenas, inform\u00f3&nbsp; Maurilio Santiago Reyes.<\/p>\n","protected":false},"excerpt":{"rendered":"<p>Redacci\u00f3n\/Zona Roja. Oaxaca de Ju\u00e1rez, Oax., a 10 de agosto de 2023.- &nbsp;Personal de la&hellip;<\/p>\n","protected":false},"author":2,"featured_media":58581,"comment_status":"closed","ping_status":"open","sticky":false,"template":"","format":"standard","meta":{"_lmt_disableupdate":"","_lmt_disable":"","_jetpack_memberships_contains_paid_content":false,"footnotes":""},"categories":[109,46],"tags":[1025],"class_list":["post-58580","post","type-post","status-publish","format-standard","has-post-thumbnail","hentry","category-minuto-a-minuto","category-zona-blanca","tag-san-esteban-atatlahuca"],"jetpack_featured_media_url":"https:\/\/zonaroja.com.mx\/wp-content\/uploads\/2023\/08\/San-Miguel-El-Grande.png","jetpack_sharing_enabled":true,"_links":{"self":[{"href":"https:\/\/zonaroja.com.mx\/index.php?rest_route=\/wp\/v2\/posts\/58580","targetHints":{"allow":["GET"]}}],"collection":[{"href":"https:\/\/zonaroja.com.mx\/index.php?rest_route=\/wp\/v2\/posts"}],"about":[{"href":"https:\/\/zonaroja.com.mx\/index.php?rest_route=\/wp\/v2\/types\/post"}],"author":[{"embeddable":true,"href":"https:\/\/zonaroja.com.mx\/index.php?rest_route=\/wp\/v2\/users\/2"}],"replies":[{"embeddable":true,"href":"https:\/\/zonaroja.com.mx\/index.php?rest_route=%2Fwp%2Fv2%2Fcomments&post=58580"}],"version-history":[{"count":1,"href":"https:\/\/zonaroja.com.mx\/index.php?rest_route=\/wp\/v2\/posts\/58580\/revisions"}],"predecessor-version":[{"id":58582,"href":"https:\/\/zonaroja.com.mx\/index.php?rest_route=\/wp\/v2\/posts\/58580\/revisions\/58582"}],"wp:featuredmedia":[{"embeddable":true,"href":"https:\/\/zonaroja.com.mx\/index.php?rest_route=\/wp\/v2\/media\/58581"}],"wp:attachment":[{"href":"https:\/\/zonaroja.com.mx\/index.php?rest_route=%2Fwp%2Fv2%2Fmedia&parent=58580"}],"wp:term":[{"taxonomy":"category","embeddable":true,"href":"https:\/\/zonaroja.com.mx\/index.php?rest_route=%2Fwp%2Fv2%2Fcategories&post=58580"},{"taxonomy":"post_tag","embeddable":true,"href":"https:\/\/zonaroja.com.mx\/index.php?rest_route=%2Fwp%2Fv2%2Ftags&post=58580"}],"curies":[{"name":"wp","href":"https:\/\/api.w.org\/{rel}","templated":true}]}}