{"id":58585,"date":"2023-08-10T14:58:00","date_gmt":"2023-08-10T19:58:00","guid":{"rendered":"http:\/\/www.zonaroja.com.mx\/?p=58585"},"modified":"2023-08-10T09:00:10","modified_gmt":"2023-08-10T14:00:10","slug":"otra-vez-el-imss-otra-vez-elevadores-ahora-en-coahuila","status":"publish","type":"post","link":"https:\/\/zonaroja.com.mx\/?p=58585","title":{"rendered":"\u00a1Otra vez el IMSS! \u00a1Otra vez elevadores! Ahora en Coahuila"},"content":{"rendered":"\n<p>Redacci\u00f3n\/Zona Roja Cdmx.<\/p>\n\n\n\n<p>Ciudad de M\u00e9xico, a 10 de agosto de 2023.- Servicios de emergencia rescataron a siete personas que quedaron atrapadas en un elevador de la Cl\u00ednica 7 del IMSS en Monclova, Coahuila.<\/p>\n\n\n\n<p>Los siete adultos permanecieron dentro del elevador de la Torre B, a la altura del segundo piso, durante al menos tres horas.<\/p>\n\n\n\n<p>Protecci\u00f3n Civil Bomberos logr\u00f3 abrir las puertas y proporcionar ventilaci\u00f3n a las v\u00edctimas, sin embargo, para su rescate fue necesaria la presencia de personal de la empresa encargada del mantenimiento del ascensor.<\/p>\n\n\n\n<p>Los empleados de la empresa se trasladaron desde la ciudad de Saltillo, lo que retard\u00f3 las labores.<\/p>\n\n\n\n<p>Del total de personas atrapadas tres eran pacientes y cuatro m\u00e1s familiares.<\/p>\n\n\n\n<p>Una vez que lograron ser sacados del elevador las v\u00edctimas recibieron los primeros auxilios.<\/p>\n\n\n\n<p>(Con informaci\u00f3n de N+)<\/p>\n","protected":false},"excerpt":{"rendered":"<p>Redacci\u00f3n\/Zona Roja Cdmx. Ciudad de M\u00e9xico, a 10 de agosto de 2023.- Servicios de emergencia&hellip;<\/p>\n","protected":false},"author":2,"featured_media":58586,"comment_status":"closed","ping_status":"open","sticky":false,"template":"","format":"standard","meta":{"_lmt_disableupdate":"","_lmt_disable":"","_jetpack_memberships_contains_paid_content":false,"footnotes":""},"categories":[109,47],"tags":[],"class_list":["post-58585","post","type-post","status-publish","format-standard","has-post-thumbnail","hentry","category-minuto-a-minuto","category-zona-gris"],"jetpack_featured_media_url":"https:\/\/zonaroja.com.mx\/wp-content\/uploads\/2023\/08\/personas-atrapadas-en-elevador-de-clinica-del-imss-en-monclov.jpg.webp","jetpack_sharing_enabled":true,"_links":{"self":[{"href":"https:\/\/zonaroja.com.mx\/index.php?rest_route=\/wp\/v2\/posts\/58585","targetHints":{"allow":["GET"]}}],"collection":[{"href":"https:\/\/zonaroja.com.mx\/index.php?rest_route=\/wp\/v2\/posts"}],"about":[{"href":"https:\/\/zonaroja.com.mx\/index.php?rest_route=\/wp\/v2\/types\/post"}],"author":[{"embeddable":true,"href":"https:\/\/zonaroja.com.mx\/index.php?rest_route=\/wp\/v2\/users\/2"}],"replies":[{"embeddable":true,"href":"https:\/\/zonaroja.com.mx\/index.php?rest_route=%2Fwp%2Fv2%2Fcomments&post=58585"}],"version-history":[{"count":1,"href":"https:\/\/zonaroja.com.mx\/index.php?rest_route=\/wp\/v2\/posts\/58585\/revisions"}],"predecessor-version":[{"id":58587,"href":"https:\/\/zonaroja.com.mx\/index.php?rest_route=\/wp\/v2\/posts\/58585\/revisions\/58587"}],"wp:featuredmedia":[{"embeddable":true,"href":"https:\/\/zonaroja.com.mx\/index.php?rest_route=\/wp\/v2\/media\/58586"}],"wp:attachment":[{"href":"https:\/\/zonaroja.com.mx\/index.php?rest_route=%2Fwp%2Fv2%2Fmedia&parent=58585"}],"wp:term":[{"taxonomy":"category","embeddable":true,"href":"https:\/\/zonaroja.com.mx\/index.php?rest_route=%2Fwp%2Fv2%2Fcategories&post=58585"},{"taxonomy":"post_tag","embeddable":true,"href":"https:\/\/zonaroja.com.mx\/index.php?rest_route=%2Fwp%2Fv2%2Ftags&post=58585"}],"curies":[{"name":"wp","href":"https:\/\/api.w.org\/{rel}","templated":true}]}}