{"id":58593,"date":"2023-08-10T20:26:36","date_gmt":"2023-08-11T01:26:36","guid":{"rendered":"http:\/\/www.zonaroja.com.mx\/?p=58593"},"modified":"2023-08-10T20:26:39","modified_gmt":"2023-08-11T01:26:39","slug":"investiga-la-fiscalia-de-oaxaca-53-casos-de-delitos-contra-defensores-de-derechos","status":"publish","type":"post","link":"https:\/\/zonaroja.com.mx\/?p=58593","title":{"rendered":"Investiga la Fiscal\u00eda de Oaxaca 53 casos de delitos contra defensores de derechos"},"content":{"rendered":"\n<p>Yuridiana Sosa\/Zona Roja.<\/p>\n\n\n\n<p>Oaxaca de Ju\u00e1rez, Oax., a 10 de agosto de 2023.- En los \u00faltimos cinco a\u00f1os, la Fiscal\u00eda General de Oaxaca ha abierto 53 carpetas de investigaci\u00f3n por agresiones contra personas defensoras de derechos humanos, mismas que el fiscal Bernando Rodr\u00edguez Alamilla asegur\u00f3 se investigar\u00e1n hasta obtener sanciones.<\/p>\n\n\n\n<p>En el proceso de reingenier\u00eda institucional de la Fiscal\u00eda de Oaxaca, se lleva a cabo la revisi\u00f3n del medio centenar de expedientes para realizar las investigaciones respectivas y poner en marcha estrategias que permitan garantizar el derecho a la procuraci\u00f3n de justicia de v\u00edctimas directas e indirectas, asegur\u00f3 Rodr\u00edguez Alamilla durante la firma del Acuerdo para el Reconocimiento y Protecci\u00f3n de las Personas Defensoras de los Derechos Humanos de Oaxaca.<\/p>\n\n\n\n<p>\u00abSe deben determinar, investigar, llegar a un resultado en t\u00e9rminos de sancionar a los responsables, de lo contrario enviaremos un mensaje de impunidad\u00bb, recalc\u00f3 el fiscal.<\/p>\n\n\n\n<p>Rodr\u00edguez Alamilla indic\u00f3 que para lograr que estos casos sean atendidos bajo el enfoque que implica a los defensores de derechos humanos es importante que se tomen en cuenta las caracter\u00edsticas particulares de cada defensor, como es el caso de quienes son mujeres y sus riesgos.<\/p>\n\n\n\n<p>REAFIRMA COMPROMISO<\/p>\n\n\n\n<p>El Fiscal de Oaxaca celebr\u00f3 la ratificaci\u00f3n, por tercera ocasi\u00f3n, del Acuerdo para el Reconocimiento y Protecci\u00f3n de las Personas Defensoras de los Derechos Humanos de Oaxaca, pues permite establecer compromisos y acciones en esta materia.<\/p>\n\n\n\n<p>Apunt\u00f3 que la suma de esfuerzos es importante para la creaci\u00f3n de marcos normativos y acciones jur\u00eddicas, pues ninguna instituci\u00f3n u organizaci\u00f3n podr\u00eda atender por s\u00ed solo la problem\u00e1tica de las agresiones a los defensores de derechos humanos.<\/p>\n\n\n\n<p>Por ello destac\u00f3 la importancia de la incorporaci\u00f3n a esta firma de la Secretar\u00eda de Seguridad y Protecci\u00f3n Ciudadana de Oaxaca, pues permite que ning\u00fan eslab\u00f3n que forma parte de las acciones que tienen que ver con la protecci\u00f3n de las personas defensoras, quede fuera.<\/p>\n\n\n\n<p>Dijo que en a\u00f1os anteriores se han tenido avances importantes, como fue la realizaci\u00f3n de una campa\u00f1a que permiti\u00f3 hacer visible el trabajo de las personas defensoras de derechos humanos, as\u00ed como la creaci\u00f3n del protocolo de actuaci\u00f3n ministerial para la investigaci\u00f3n de delitos cometidos en contra de personas defensoras de derechos humanos.<\/p>\n\n\n\n<p>Dicho instrumento permite a la Fiscal\u00eda de Oaxaca materializar y hacer que las actuaciones de los diversos servidores p\u00fablicos, como son los ministeriales, act\u00faen bajo la l\u00f3gica de los diferentes est\u00e1ndares en materia de protecci\u00f3n y defensa de los derechos humanos.<\/p>\n\n\n\n<p>\u00abEstamos ciertos que en lo subsecuente esta colaboraci\u00f3n nos permitir\u00e1 atender desde la fiscal\u00eda, de manera pronta, expedita y con perspectiva de derechos humanos, los casos que se presenten\u00bb, expres\u00f3.<\/p>\n","protected":false},"excerpt":{"rendered":"<p>Yuridiana Sosa\/Zona Roja. Oaxaca de Ju\u00e1rez, Oax., a 10 de agosto de 2023.- En los&hellip;<\/p>\n","protected":false},"author":2,"featured_media":58594,"comment_status":"closed","ping_status":"open","sticky":false,"template":"","format":"standard","meta":{"_lmt_disableupdate":"","_lmt_disable":"","_jetpack_memberships_contains_paid_content":false,"footnotes":""},"categories":[109,46],"tags":[494],"class_list":["post-58593","post","type-post","status-publish","format-standard","has-post-thumbnail","hentry","category-minuto-a-minuto","category-zona-blanca","tag-fiscalia-general-del-estado-de-oaxaca"],"jetpack_featured_media_url":"https:\/\/zonaroja.com.mx\/wp-content\/uploads\/2023\/08\/Bernardo-Rodriguez-Alamilla.jpg","jetpack_sharing_enabled":true,"_links":{"self":[{"href":"https:\/\/zonaroja.com.mx\/index.php?rest_route=\/wp\/v2\/posts\/58593","targetHints":{"allow":["GET"]}}],"collection":[{"href":"https:\/\/zonaroja.com.mx\/index.php?rest_route=\/wp\/v2\/posts"}],"about":[{"href":"https:\/\/zonaroja.com.mx\/index.php?rest_route=\/wp\/v2\/types\/post"}],"author":[{"embeddable":true,"href":"https:\/\/zonaroja.com.mx\/index.php?rest_route=\/wp\/v2\/users\/2"}],"replies":[{"embeddable":true,"href":"https:\/\/zonaroja.com.mx\/index.php?rest_route=%2Fwp%2Fv2%2Fcomments&post=58593"}],"version-history":[{"count":1,"href":"https:\/\/zonaroja.com.mx\/index.php?rest_route=\/wp\/v2\/posts\/58593\/revisions"}],"predecessor-version":[{"id":58595,"href":"https:\/\/zonaroja.com.mx\/index.php?rest_route=\/wp\/v2\/posts\/58593\/revisions\/58595"}],"wp:featuredmedia":[{"embeddable":true,"href":"https:\/\/zonaroja.com.mx\/index.php?rest_route=\/wp\/v2\/media\/58594"}],"wp:attachment":[{"href":"https:\/\/zonaroja.com.mx\/index.php?rest_route=%2Fwp%2Fv2%2Fmedia&parent=58593"}],"wp:term":[{"taxonomy":"category","embeddable":true,"href":"https:\/\/zonaroja.com.mx\/index.php?rest_route=%2Fwp%2Fv2%2Fcategories&post=58593"},{"taxonomy":"post_tag","embeddable":true,"href":"https:\/\/zonaroja.com.mx\/index.php?rest_route=%2Fwp%2Fv2%2Ftags&post=58593"}],"curies":[{"name":"wp","href":"https:\/\/api.w.org\/{rel}","templated":true}]}}