{"id":58596,"date":"2023-08-10T20:41:38","date_gmt":"2023-08-11T01:41:38","guid":{"rendered":"http:\/\/www.zonaroja.com.mx\/?p=58596"},"modified":"2023-08-10T20:41:40","modified_gmt":"2023-08-11T01:41:40","slug":"firman-acuerdo-a-favor-de-personas-defensoras-en-oaxaca-para-erradicar-violencia","status":"publish","type":"post","link":"https:\/\/zonaroja.com.mx\/?p=58596","title":{"rendered":"Firman acuerdo a favor de personas defensoras en Oaxaca, para erradicar violencia"},"content":{"rendered":"\n<p>Yuridiana Sosa\/Zona Roja.<\/p>\n\n\n\n<p>Oaxaca de Ju\u00e1rez, Oax., a 10 de agosto de 2023.- Ante los altos \u00edndices de violencia en Oaxaca contra los defensores de derechos humanos, organismos civiles y autoridades estatales firmaron hoy el Acuerdo para el Reconocimiento y Protecci\u00f3n de las Personas Defensoras de los Derechos Humanos de Oaxaca.<\/p>\n\n\n\n<p>La representante del Comit\u00e9 de Defensa Integral de Derechos Humanos Gobixha A.C. (C\u00f3digo DH), Sara M\u00e9ndez Morales, -de los impulsores de este acuerdo- se\u00f1al\u00f3 que en Oaxaca en los \u00faltimos cinco a\u00f1os han asesinado a 39 personas defensoras de derechos humanos y cinco m\u00e1s han desaparecido.<\/p>\n\n\n\n<p>A ello se suma una persistente cultura institucional de desconocimiento del derecho a defender los derechos humanos y con ello la labor que desarrollan las personas defensoras de los derechos humanos, as\u00ed como la prevalencia de un alto \u00edndice de impunidad ante las agresiones a este sector.<\/p>\n\n\n\n<p>M\u00e9ndez Morrales apunt\u00f3 que dicho escenario es una de las razones fundamentales para llevar a cabo el acuerdo entre la Coordinaci\u00f3n para la Atenci\u00f3n de Derechos Humanos del gobierno de Oaxaca; Defensor\u00eda de los Derechos Humanos del Pueblos de Oaxaca (DDHPO), Fiscal\u00eda General del Estado y la Secretar\u00eda de Seguridad y Protecci\u00f3n Ciudadana de Oaxaca y C\u00f3digo D.H.<\/p>\n\n\n\n<p>El acuerdo tiene el objetivo de dise\u00f1ar, implementar y evaluar acciones de manera coordinada a favor del reconocimiento y protecci\u00f3n del derecho a defender los derechos humanos en Oaxaca; favorece la defensa y promoci\u00f3n de derechos humanos y contribuir a proporcionar una visi\u00f3n en conjunto sobre la importancia de la funci\u00f3n que desempe\u00f1an las persona y las actividades que llevan a cabo.<\/p>\n\n\n\n<p>Adem\u00e1s de brindar atenci\u00f3n a las personas defensoras con un enfoque integral de derechos humanos, g\u00e9nero, interculturalidad e interseccionalidad para favorecer un contexto libre de violencia.<\/p>\n\n\n\n<p>Con este nuevo plan se avanz\u00f3 en la metodolog\u00eda para la evaluaci\u00f3n de riesgos, en la emisi\u00f3n de medidas cautelares por la DDHPO para personas defensoras, as\u00ed como en el fortalecimiento de los procesos de investigaci\u00f3n de delitos en los est\u00e1ndares que reconocen la labor de defensa y promoci\u00f3n de los derechos humanos.<\/p>\n\n\n\n<figure class=\"wp-block-embed is-type-rich is-provider-twitter wp-block-embed-twitter\"><div class=\"wp-block-embed__wrapper\">\n<div class=\"twitter-tweet\"><blockquote class=\"twitter-tweet\" data-lang=\"es\"><p lang=\"es\" dir=\"ltr\"><a href=\"https:\/\/twitter.com\/hashtag\/ENVIVO?src=hash&amp;ref_src=twsrc%5Etfw\">#ENVIVO<\/a><br>Oaxaca de Ju\u00e1rez, Oax., a 10 de agosto de 2023.- Firma del Acuerdo para la Protecci\u00f3n y Reconocimiento de las Personas Defensoras de los Derechos Humanos de Oaxaca.<br><br>Este es el mensaje e informe de Sara M\u00e9ndez, de <a href=\"https:\/\/twitter.com\/CodigoDH?ref_src=twsrc%5Etfw\">@CodigoDH<\/a>:<br>Transmisi\u00f3n \ud83d\udc47<a href=\"https:\/\/t.co\/jyWM1rq3of\">https:\/\/t.co\/jyWM1rq3of<\/a> <a href=\"https:\/\/t.co\/QBISQMJsSt\">pic.twitter.com\/QBISQMJsSt<\/a><\/p>&mdash; Zona Roja Oaxaca (@ZonaRoja_Oaxaca) <a href=\"https:\/\/twitter.com\/ZonaRoja_Oaxaca\/status\/1689699529350889472?ref_src=twsrc%5Etfw\">10 de agosto de 2023<\/a><\/blockquote><\/div>\n<\/div><\/figure>\n\n\n\n<p>COMPROMISOS<\/p>\n\n\n\n<p>La defensora de derechos humanos, Sara M\u00e9ndez, se\u00f1al\u00f3 algunos de los compromisos que las instituciones de gobierno adquirieron a trav\u00e9s de la firma del Acuerdo para el Reconocimiento y Protecci\u00f3n de las Personas Defensoras de los Derechos Humanos de Oaxaca.<\/p>\n\n\n\n<p>La Fiscal\u00eda General de Oaxaca se comprometi\u00f3 a implementar el protocolo de actuaci\u00f3n ministerial, recientemente publicado, con un enfoque en el reconocimiento de la labor que desarrollan los defensores de derechos humanos; a tener acceso a la justicia; fortalecer la implementaci\u00f3n de acciones de protecci\u00f3n temporal en situaciones riesgo para dicho sector, y formaci\u00f3n de su personal que brinda la atenci\u00f3n de las personas que son v\u00edctimas de delitos.<\/p>\n\n\n\n<p>La Coordinaci\u00f3n de Derechos Humanos del gobierno, a generar espacios de di\u00e1logo con las personas defensoras y organizaciones civiles para fortalecer el v\u00ednculo con el gobierno en temas de derechos humanos.<\/p>\n\n\n\n<p>Esta instituci\u00f3n tambi\u00e9n se comprometi\u00f3 a promover actividades de formaci\u00f3n y campa\u00f1as de concientizaci\u00f3n sobre los derechos de las personas defensoras y la importancia de su labor dirigida a servidores p\u00fablicos y sociedad en general. As\u00ed como coordinar de manera efectiva la participaci\u00f3n de las instituciones del Poder Ejecutivo en la aplicaci\u00f3n de medidas de protecci\u00f3n y medidas cautelares.<\/p>\n\n\n\n<p>Por su parte, la DDHPO tiene el compromiso de&nbsp;activar los&nbsp;mecanismos de protecci\u00f3n de derechos en el \u00e1mbito de sus competencias cuando un defensor est\u00e9 en situaci\u00f3n de riesgo.<\/p>\n\n\n\n<p>Tambi\u00e9n es importante la formaci\u00f3n y campa\u00f1as de concientizaci\u00f3n orientadas a informar a los servidores p\u00fablicos sobre la labor de los defensores, as\u00ed como facilitar las medidas cautelares.<\/p>\n\n\n\n<p>La participaci\u00f3n de la Secretar\u00eda de Seguridad de Oaxaca fue fundamental para la garant\u00eda de la atenci\u00f3n oportuna y efectiva en acciones de auxilio para las personas defensoras.<\/p>\n\n\n\n<p>A ellos se suma la colaboraci\u00f3n en acciones tempranas cuando se soliciten por parte de autoridades jurisdiccionales, Fiscal\u00eda y la DDHPO, as\u00ed como capacitar al personal de las instituciones a su cargo en materia de derechos humanos.<\/p>\n\n\n\n<p>Con este acuerdo, C\u00f3digo DH se comprometi\u00f3 a coadyuvar con cada una de las instituciones de esta firma para desarrollar actividades de informaci\u00f3n, formaci\u00f3n y capacitaci\u00f3n sobre los derechos de las personas defensoras.<\/p>\n\n\n\n<p>Adem\u00e1s de continuar con el desarrollo de la atenci\u00f3n sobre hechos de tortura y tratos inhumanos y degradantes; ayudar a realizar la difusi\u00f3n de materiales audiovisuales y escritos para visibilizar la labor de los defensores, e implementar mecanismo, estrategias, acciones y actividades para la sistematizaci\u00f3n y evaluaci\u00f3n del acuerdo.<\/p>\n","protected":false},"excerpt":{"rendered":"<p>Yuridiana Sosa\/Zona Roja. Oaxaca de Ju\u00e1rez, Oax., a 10 de agosto de 2023.- Ante los&hellip;<\/p>\n","protected":false},"author":2,"featured_media":58597,"comment_status":"closed","ping_status":"open","sticky":false,"template":"","format":"standard","meta":{"_lmt_disableupdate":"","_lmt_disable":"","_jetpack_memberships_contains_paid_content":false,"footnotes":""},"categories":[109,46],"tags":[247],"class_list":["post-58596","post","type-post","status-publish","format-standard","has-post-thumbnail","hentry","category-minuto-a-minuto","category-zona-blanca","tag-codigo-dh"],"jetpack_featured_media_url":"https:\/\/zonaroja.com.mx\/wp-content\/uploads\/2023\/08\/Firma-derechos-humanos-Gobixha-Codigo-DH.jpeg","jetpack_sharing_enabled":true,"_links":{"self":[{"href":"https:\/\/zonaroja.com.mx\/index.php?rest_route=\/wp\/v2\/posts\/58596","targetHints":{"allow":["GET"]}}],"collection":[{"href":"https:\/\/zonaroja.com.mx\/index.php?rest_route=\/wp\/v2\/posts"}],"about":[{"href":"https:\/\/zonaroja.com.mx\/index.php?rest_route=\/wp\/v2\/types\/post"}],"author":[{"embeddable":true,"href":"https:\/\/zonaroja.com.mx\/index.php?rest_route=\/wp\/v2\/users\/2"}],"replies":[{"embeddable":true,"href":"https:\/\/zonaroja.com.mx\/index.php?rest_route=%2Fwp%2Fv2%2Fcomments&post=58596"}],"version-history":[{"count":1,"href":"https:\/\/zonaroja.com.mx\/index.php?rest_route=\/wp\/v2\/posts\/58596\/revisions"}],"predecessor-version":[{"id":58598,"href":"https:\/\/zonaroja.com.mx\/index.php?rest_route=\/wp\/v2\/posts\/58596\/revisions\/58598"}],"wp:featuredmedia":[{"embeddable":true,"href":"https:\/\/zonaroja.com.mx\/index.php?rest_route=\/wp\/v2\/media\/58597"}],"wp:attachment":[{"href":"https:\/\/zonaroja.com.mx\/index.php?rest_route=%2Fwp%2Fv2%2Fmedia&parent=58596"}],"wp:term":[{"taxonomy":"category","embeddable":true,"href":"https:\/\/zonaroja.com.mx\/index.php?rest_route=%2Fwp%2Fv2%2Fcategories&post=58596"},{"taxonomy":"post_tag","embeddable":true,"href":"https:\/\/zonaroja.com.mx\/index.php?rest_route=%2Fwp%2Fv2%2Ftags&post=58596"}],"curies":[{"name":"wp","href":"https:\/\/api.w.org\/{rel}","templated":true}]}}