{"id":58603,"date":"2023-08-11T09:30:00","date_gmt":"2023-08-11T14:30:00","guid":{"rendered":"http:\/\/www.zonaroja.com.mx\/?p=58603"},"modified":"2023-08-11T07:54:13","modified_gmt":"2023-08-11T12:54:13","slug":"detienen-a-seis-por-crimen-de-candidato-presidencial-de-ecuador-son-colombianos","status":"publish","type":"post","link":"https:\/\/zonaroja.com.mx\/?p=58603","title":{"rendered":"Detienen a seis por crimen de candidato presidencial de Ecuador; son colombianos"},"content":{"rendered":"\n<p>Redacci\u00f3n\/Zona Roja Cdmx.<\/p>\n\n\n\n<p>Ciudad de M\u00e9xico, a 11 de agosto de 2023.- Los seis detenidos por el asesinato de Fernando Villavicencio, candidato a la Presidencia de Ecuador, son de nacionalidad colombiana, as\u00ed como el hombre que muri\u00f3 en el lugar del suceso, seg\u00fan confirmaron a EFE fuentes de la Polic\u00eda ecuatoriana.<\/p>\n\n\n\n<p>Hasta el momento las autoridades han revelado que en el asesinato de Villavicencio participaron varios hombres, supuestamente sicarios, que el ministro de Interior, Juan Zapata, en declaraciones a la prensa este jueves, identific\u00f3 como Andr\u00e9s M., Jos\u00e9 L., Adey G., Camilo R., Jules C. y John R.<\/p>\n\n\n\n<p>Adem\u00e1s, la Polic\u00eda tambi\u00e9n confirm\u00f3 que el sospechoso de asesinato que result\u00f3 herido por el cruce de las balas con el personal de seguridad, y que luego muri\u00f3 en una ambulancia, tambi\u00e9n es de nacionalidad colombiana.<\/p>\n\n\n\n<p>La Canciller\u00eda colombiana, por su parte, a\u00fan est\u00e1 esperando la informaci\u00f3n oficial de lo acontecido, pero no es la primera vez que ciudadanos colombianos se ven involucrados en hechos de esta \u00edndole en otros pa\u00edses, pues mercenarios colombianos tambi\u00e9n fueron los responsables del asesinato del presidente haitiano Jovenel Moise.<\/p>\n\n\n\n<p>Las autoridades ecuatorianas no han confirmado si detr\u00e1s del mortal atentado, que dej\u00f3 tambi\u00e9n al menos nueve heridos, entre ellos tres polic\u00edas, est\u00e1 alguna de las bandas de crimen organizado que operan en Ecuador.<\/p>\n\n\n\n<p>El asesinato de Villavicencio, que promet\u00eda luchar de manera frontal contra estas bandas y que en las \u00faltimas semanas hab\u00eda denunciado amenazas de muerte en su contra, ha conmocionado al pa\u00eds, en medio de una campa\u00f1a electoral que gira casi exclusivamente en torno a la crisis de seguridad que azota a Ecuador.<\/p>\n\n\n\n<p>Desde hace algo m\u00e1s de dos a\u00f1os se han incrementado los asesinatos a manos de sicarios y las matanzas a cargo de grupos armados que el Gobierno vincula principalmente con el crimen organizado, que ha ganado fuerza en la zona costera, donde utilizan los puertos ecuatorianos como grandes lanzaderas de la coca\u00edna que llega a Europa y Norteam\u00e9rica.<\/p>\n\n\n\n<p>Villavicencio era uno de los ocho candidatos presidenciales inscritos en estas elecciones extraordinarias, convocada para el domingo 20 de agosto, luego de que el presidente ecuatoriano, Guillermo Lasso, decretase la \u201cmuerte cruzada\u201d, un mecanismo constitucional con el que disolvi\u00f3 la Asamblea Nacional (Parlamento), de mayor\u00eda opositora, cuando se dispon\u00eda a votar su destituci\u00f3n.<\/p>\n\n\n\n<p>(Con informaci\u00f3n de EFE, en L\u00f3pez-D\u00f3riga Digital)<\/p>\n","protected":false},"excerpt":{"rendered":"<p>Redacci\u00f3n\/Zona Roja Cdmx. Ciudad de M\u00e9xico, a 11 de agosto de 2023.- Los seis detenidos&hellip;<\/p>\n","protected":false},"author":2,"featured_media":58604,"comment_status":"closed","ping_status":"open","sticky":false,"template":"","format":"standard","meta":{"_lmt_disableupdate":"","_lmt_disable":"","_jetpack_memberships_contains_paid_content":false,"footnotes":""},"categories":[109,47],"tags":[3644],"class_list":["post-58603","post","type-post","status-publish","format-standard","has-post-thumbnail","hentry","category-minuto-a-minuto","category-zona-gris","tag-fernando-villavicencio-ecuador"],"jetpack_featured_media_url":"https:\/\/zonaroja.com.mx\/wp-content\/uploads\/2023\/08\/Colombianos-detenidos-caso-Fernando-Villaviccencio-Ecuador.jpeg","jetpack_sharing_enabled":true,"_links":{"self":[{"href":"https:\/\/zonaroja.com.mx\/index.php?rest_route=\/wp\/v2\/posts\/58603","targetHints":{"allow":["GET"]}}],"collection":[{"href":"https:\/\/zonaroja.com.mx\/index.php?rest_route=\/wp\/v2\/posts"}],"about":[{"href":"https:\/\/zonaroja.com.mx\/index.php?rest_route=\/wp\/v2\/types\/post"}],"author":[{"embeddable":true,"href":"https:\/\/zonaroja.com.mx\/index.php?rest_route=\/wp\/v2\/users\/2"}],"replies":[{"embeddable":true,"href":"https:\/\/zonaroja.com.mx\/index.php?rest_route=%2Fwp%2Fv2%2Fcomments&post=58603"}],"version-history":[{"count":1,"href":"https:\/\/zonaroja.com.mx\/index.php?rest_route=\/wp\/v2\/posts\/58603\/revisions"}],"predecessor-version":[{"id":58608,"href":"https:\/\/zonaroja.com.mx\/index.php?rest_route=\/wp\/v2\/posts\/58603\/revisions\/58608"}],"wp:featuredmedia":[{"embeddable":true,"href":"https:\/\/zonaroja.com.mx\/index.php?rest_route=\/wp\/v2\/media\/58604"}],"wp:attachment":[{"href":"https:\/\/zonaroja.com.mx\/index.php?rest_route=%2Fwp%2Fv2%2Fmedia&parent=58603"}],"wp:term":[{"taxonomy":"category","embeddable":true,"href":"https:\/\/zonaroja.com.mx\/index.php?rest_route=%2Fwp%2Fv2%2Fcategories&post=58603"},{"taxonomy":"post_tag","embeddable":true,"href":"https:\/\/zonaroja.com.mx\/index.php?rest_route=%2Fwp%2Fv2%2Ftags&post=58603"}],"curies":[{"name":"wp","href":"https:\/\/api.w.org\/{rel}","templated":true}]}}