{"id":58605,"date":"2023-08-11T07:53:15","date_gmt":"2023-08-11T12:53:15","guid":{"rendered":"http:\/\/www.zonaroja.com.mx\/?p=58605"},"modified":"2023-08-11T07:53:17","modified_gmt":"2023-08-11T12:53:17","slug":"condena-federacion-internacional-y-articulo-19-ataque-a-periodista-oaxaquena","status":"publish","type":"post","link":"https:\/\/zonaroja.com.mx\/?p=58605","title":{"rendered":"Condena Federaci\u00f3n Internacional y Art\u00edculo 19 ataque a periodista oaxaque\u00f1a"},"content":{"rendered":"\n<p>Redacci\u00f3n\/Primera L\u00ednea<\/p>\n\n\n\n<p>Oaxaca de Ju\u00e1rez, Oax., a 11 de agosto de 2023.- La Federaci\u00f3n Internacional de Periodistas (FIP) manifest\u00f3 su preocupaci\u00f3n por \u201cla escalada de violencia contra periodistas en M\u00e9xico\u201d, luego de los ataques del gobernador de Oaxaca, Salom\u00f3n Jara Cruz, y del secretario de Gobierno, Jes\u00fas Romero L\u00f3pez, contra la directora de \u201cPrimera L\u00ednea Mx\u201d, Mar\u00eda de los \u00c1ngeles Niv\u00f3n Molano.<\/p>\n\n\n\n<p>La organizaci\u00f3n mundial que aglutina a m\u00e1s de 600 mil periodistas en 146 pa\u00edses resalt\u00f3 este jueves que las autoridades deben garantizarle a los comunicadores un entorno digno, al tiempo que subray\u00f3 que \u201cse\u00f1alar a periodistas individualmente es un riesgo para su seguridad\u201d.<\/p>\n\n\n\n<p>En un mensaje &nbsp;divulgado este jueves en su cuenta global, la FIP indic\u00f3 lo siguiente: \u201cEl gobernador Salom\u00f3n Jara Cruz amenaz\u00f3 a la periodista Mar\u00eda Niv\u00f3n Molano en conferencia de prensa luego de que publicara cifras sobre feminicidios.&nbsp;<\/p>\n\n\n\n<p>\u201cNos preocupa la escalada de violencia contra periodistas en M\u00e9xico. Las autoridades deben garantizarles un entorno seguro\u201d.<\/p>\n\n\n\n<p>Horas antes, la tarde de ayer, el \u00e1rea para Am\u00e9rica Latina y el Caribe de la FIP ya hab\u00eda condenado los hechos, suscitados en la ciudad de Oaxaca el lunes pasado: \u201cLa Federaci\u00f3n Internacional de Periodistas reitera su preocupaci\u00f3n por el avance de la violencia hacia comunicadorxs en M\u00e9xico y exige a las autoridades que asuman su responsabilidad en garantizar condiciones dignas y seguras para la labor de la prensa\u201d.<\/p>\n\n\n\n<p>La Federaci\u00f3n Internacional record\u00f3 que la periodista Mar\u00eda Niv\u00f3n Molano denunci\u00f3 al gobernador, Salom\u00f3n Jara Cruz, por amenazarla en una conferencia de prensa, tras difundir cifras oficiales sobre feminicidio en Oaxaca.<\/p>\n\n\n\n<p>La agrupaci\u00f3n hizo \u00e9nfasis en que las autoridades acusaron a Niv\u00f3n Molano de falsear datos, a pesar de que \u00e9stos corresponden a informes vigentes de la autoridad federal, y tambi\u00e9n en los se\u00f1alamientos acerca de que la comunicadora responde a intereses pol\u00edticos para perjudicar al actual gobierno local.<\/p>\n\n\n\n<p>\u201cLa propietaria del medio Primera L\u00ednea rechaz\u00f3 las acusaciones que la vinculan a la oposici\u00f3n y record\u00f3 que tiene medidas cautelares a su favor por publicar informaci\u00f3n que compromet\u00eda a integrantes de ese sector pol\u00edtico\u201d.<\/p>\n\n\n\n<p>Tambi\u00e9n, a trav\u00e9s de sus redes sociales, la organizaci\u00f3n Art\u00edculo 19 conden\u00f3 los ataques contra el medio informativo oaxaque\u00f1o y su directora:<\/p>\n\n\n\n<p>\u201cEstigmatizaci\u00f3n contra la prensa en las ma\u00f1aneras, se replica por el gobernador de Oaxaca en contra de \u00c1ngeles Niv\u00f3n, directora de \u201cPrimera L\u00ednea\u201d, difundi\u00f3.<\/p>\n","protected":false},"excerpt":{"rendered":"<p>Redacci\u00f3n\/Primera L\u00ednea Oaxaca de Ju\u00e1rez, Oax., a 11 de agosto de 2023.- La Federaci\u00f3n Internacional&hellip;<\/p>\n","protected":false},"author":2,"featured_media":58606,"comment_status":"closed","ping_status":"open","sticky":false,"template":"","format":"standard","meta":{"_lmt_disableupdate":"","_lmt_disable":"","_jetpack_memberships_contains_paid_content":false,"footnotes":""},"categories":[109,47],"tags":[3646],"class_list":["post-58605","post","type-post","status-publish","format-standard","has-post-thumbnail","hentry","category-minuto-a-minuto","category-zona-gris","tag-maria-de-los-angeles-nivon"],"jetpack_featured_media_url":"https:\/\/zonaroja.com.mx\/wp-content\/uploads\/2023\/08\/Es-Primera-linea-Oaxaca.jpg","jetpack_sharing_enabled":true,"_links":{"self":[{"href":"https:\/\/zonaroja.com.mx\/index.php?rest_route=\/wp\/v2\/posts\/58605","targetHints":{"allow":["GET"]}}],"collection":[{"href":"https:\/\/zonaroja.com.mx\/index.php?rest_route=\/wp\/v2\/posts"}],"about":[{"href":"https:\/\/zonaroja.com.mx\/index.php?rest_route=\/wp\/v2\/types\/post"}],"author":[{"embeddable":true,"href":"https:\/\/zonaroja.com.mx\/index.php?rest_route=\/wp\/v2\/users\/2"}],"replies":[{"embeddable":true,"href":"https:\/\/zonaroja.com.mx\/index.php?rest_route=%2Fwp%2Fv2%2Fcomments&post=58605"}],"version-history":[{"count":1,"href":"https:\/\/zonaroja.com.mx\/index.php?rest_route=\/wp\/v2\/posts\/58605\/revisions"}],"predecessor-version":[{"id":58607,"href":"https:\/\/zonaroja.com.mx\/index.php?rest_route=\/wp\/v2\/posts\/58605\/revisions\/58607"}],"wp:featuredmedia":[{"embeddable":true,"href":"https:\/\/zonaroja.com.mx\/index.php?rest_route=\/wp\/v2\/media\/58606"}],"wp:attachment":[{"href":"https:\/\/zonaroja.com.mx\/index.php?rest_route=%2Fwp%2Fv2%2Fmedia&parent=58605"}],"wp:term":[{"taxonomy":"category","embeddable":true,"href":"https:\/\/zonaroja.com.mx\/index.php?rest_route=%2Fwp%2Fv2%2Fcategories&post=58605"},{"taxonomy":"post_tag","embeddable":true,"href":"https:\/\/zonaroja.com.mx\/index.php?rest_route=%2Fwp%2Fv2%2Ftags&post=58605"}],"curies":[{"name":"wp","href":"https:\/\/api.w.org\/{rel}","templated":true}]}}