{"id":58612,"date":"2023-08-11T10:30:00","date_gmt":"2023-08-11T15:30:00","guid":{"rendered":"http:\/\/www.zonaroja.com.mx\/?p=58612"},"modified":"2023-08-11T08:57:41","modified_gmt":"2023-08-11T13:57:41","slug":"reconoce-la-ddhpo-esfuerzo-de-organismos-civiles-en-defensa-de-derechos","status":"publish","type":"post","link":"https:\/\/zonaroja.com.mx\/?p=58612","title":{"rendered":"Reconoce la DDHPO esfuerzo de organismos civiles en defensa de derechos"},"content":{"rendered":"\n<p>Redacci\u00f3n\/Zona Roja.<\/p>\n\n\n\n<p>Oaxaca de Ju\u00e1rez, Oax., a 11 de agosto de 2023.- Al participar en la firma del Acuerdo para el Reconocimiento y la Protecci\u00f3n de las Personas Defensoras de Derechos Humanos en Oaxaca, la presidenta de la DDHPO, Elizabeth Lara Rodr\u00edguez, reconoci\u00f3 el esfuerzo de organismos civiles en la defensa de las garant\u00edas individuales.<\/p>\n\n\n\n<p>El acuerdo fue signado con el Comit\u00e9 de Defensa Integral de Derechos Humanos Gobixha A.C (C\u00f3digo DH), la Fiscal\u00eda General del Estado de Oaxaca, la Coordinaci\u00f3n para la Atenci\u00f3n de los Derechos Humanos del Poder Ejecutivo (CADH) y la Secretar\u00eda de Seguridad y Protecci\u00f3n Ciudadana (SSPC).<\/p>\n\n\n\n<p>Durante su participaci\u00f3n, la titular de la Defensor\u00eda de los Derechos Humanos del Pueblo de Oaxaca reconoci\u00f3 los esfuerzos realizados por C\u00f3digo DH, para llevar a cabo la firma del acuerdo, pues cada vez se hace m\u00e1s necesaria la participaci\u00f3n de la sociedad civil organizada en la defensa y promoci\u00f3n de los derechos humanos.<\/p>\n\n\n\n<p>Resalt\u00f3 que las actividades que han desarrollado las personas defensoras de derechos humanos han sido determinantes para consolidar instituciones de defensa de derechos humanos, en su labor de que el Derecho Internacional de los Derechos Humanos sea observado y que la sociedad civil conozca y exija sus derechos.<\/p>\n\n\n\n<p>Agreg\u00f3, que dichas acciones fortalecen las capacidades institucionales y con ello se avanza en la consolidaci\u00f3n de un estado democr\u00e1tico. Por ello, reiter\u00f3 que este documento, es muestra de que la defensa y protecci\u00f3n de las personas defensoras de derechos humanos puede ser m\u00e1s eficaz si se conjuntan las capacidades institucionales del Estado y de la sociedad civil.<\/p>\n\n\n\n<figure class=\"wp-block-embed is-type-rich is-provider-twitter wp-block-embed-twitter\"><div class=\"wp-block-embed__wrapper\">\n<div class=\"twitter-tweet\"><blockquote class=\"twitter-tweet\" data-lang=\"es\"><p lang=\"es\" dir=\"ltr\">1. En su intervenci\u00f3n en la forma Acuerdo para la Protecci\u00f3n y Reconocimiento de las Personas Defensoras de los Derechos Humanos de Oaxaca, la titular de la <a href=\"https:\/\/twitter.com\/DDHPO?ref_src=twsrc%5Etfw\">@DDHPO<\/a>, Elizabeth Lara Rodr\u00edguez, recalc\u00f3 su compromiso con la colaboraci\u00f3n conjunta con los organismos de la sociedad\u2026 <a href=\"https:\/\/t.co\/awI0vI3zOe\">pic.twitter.com\/awI0vI3zOe<\/a><\/p>&mdash; Zona Roja Oaxaca (@ZonaRoja_Oaxaca) <a href=\"https:\/\/twitter.com\/ZonaRoja_Oaxaca\/status\/1689713136134504448?ref_src=twsrc%5Etfw\">10 de agosto de 2023<\/a><\/blockquote><\/div>\n<\/div><\/figure>\n\n\n\n<p>Por ello, la Ombudsperson Elizabeth Lara Rodr\u00edguez, indic\u00f3 que la atenci\u00f3n en la procuraci\u00f3n de justicia, seguridad e investigaci\u00f3n en la defensa de los derechos humanos hac\u00eda las y los defensores deben de ser oportunas, eficaces y eficientes, as\u00ed tambi\u00e9n deben ser diferencias, bajo criterios de no discriminaci\u00f3n, igualdad, interseccionalidad e inclusi\u00f3n.&nbsp;<\/p>\n\n\n\n<p>El acuerdo, establece las acciones y estrategias que cada una de las instituciones participantes realizar\u00e1 desde el \u00e1mbito de sus facultades y atribuciones, las cuales buscan favorecer y reconocer &nbsp;la defensa y promoci\u00f3n de los derechos humanos, entre ellas: la implementaci\u00f3n de campa\u00f1as institucionales con materiales educativos e informativos; procesos de formaci\u00f3n y capacitaci\u00f3n, con especial \u00e9nfasis en est\u00e1ndares internacionales; la generaci\u00f3n de espacios de di\u00e1logo y pol\u00edticas p\u00fablicas y en la materia; &nbsp;atenci\u00f3n integral, as\u00ed como el fortalecimiento de &nbsp;las medidas de protecci\u00f3n y cautelares para las v\u00edctimas.<\/p>\n\n\n\n<p>Atestiguaron los compromisos plasmados en el acuerdo, las y los integrantes de la embajada de Noruega en M\u00e9xico, Fernando Lorenzo Abril; de la Embajada de la Rep\u00fablica Federal de Alemania en M\u00e9xico, Markus Kloecker; del Fondo Noruego para los Derechos Humanos, Alexandra Jim\u00e9nez Mart\u00ednez y en representaci\u00f3n de Protecci\u00f3n Internacional, Enrique Egur\u00e9n.<\/p>\n","protected":false},"excerpt":{"rendered":"<p>Redacci\u00f3n\/Zona Roja. Oaxaca de Ju\u00e1rez, Oax., a 11 de agosto de 2023.- Al participar en&hellip;<\/p>\n","protected":false},"author":2,"featured_media":58616,"comment_status":"closed","ping_status":"open","sticky":false,"template":"","format":"standard","meta":{"_lmt_disableupdate":"","_lmt_disable":"","_jetpack_memberships_contains_paid_content":false,"footnotes":""},"categories":[109,46],"tags":[286],"class_list":["post-58612","post","type-post","status-publish","format-standard","has-post-thumbnail","hentry","category-minuto-a-minuto","category-zona-blanca","tag-defensoria-de-los-derechos-humanos-del-pueblo-de-oaxaca"],"jetpack_featured_media_url":"https:\/\/zonaroja.com.mx\/wp-content\/uploads\/2023\/08\/DDHPO-Elizabeth-Lara-Rodriguez.jpg","jetpack_sharing_enabled":true,"_links":{"self":[{"href":"https:\/\/zonaroja.com.mx\/index.php?rest_route=\/wp\/v2\/posts\/58612","targetHints":{"allow":["GET"]}}],"collection":[{"href":"https:\/\/zonaroja.com.mx\/index.php?rest_route=\/wp\/v2\/posts"}],"about":[{"href":"https:\/\/zonaroja.com.mx\/index.php?rest_route=\/wp\/v2\/types\/post"}],"author":[{"embeddable":true,"href":"https:\/\/zonaroja.com.mx\/index.php?rest_route=\/wp\/v2\/users\/2"}],"replies":[{"embeddable":true,"href":"https:\/\/zonaroja.com.mx\/index.php?rest_route=%2Fwp%2Fv2%2Fcomments&post=58612"}],"version-history":[{"count":2,"href":"https:\/\/zonaroja.com.mx\/index.php?rest_route=\/wp\/v2\/posts\/58612\/revisions"}],"predecessor-version":[{"id":58617,"href":"https:\/\/zonaroja.com.mx\/index.php?rest_route=\/wp\/v2\/posts\/58612\/revisions\/58617"}],"wp:featuredmedia":[{"embeddable":true,"href":"https:\/\/zonaroja.com.mx\/index.php?rest_route=\/wp\/v2\/media\/58616"}],"wp:attachment":[{"href":"https:\/\/zonaroja.com.mx\/index.php?rest_route=%2Fwp%2Fv2%2Fmedia&parent=58612"}],"wp:term":[{"taxonomy":"category","embeddable":true,"href":"https:\/\/zonaroja.com.mx\/index.php?rest_route=%2Fwp%2Fv2%2Fcategories&post=58612"},{"taxonomy":"post_tag","embeddable":true,"href":"https:\/\/zonaroja.com.mx\/index.php?rest_route=%2Fwp%2Fv2%2Ftags&post=58612"}],"curies":[{"name":"wp","href":"https:\/\/api.w.org\/{rel}","templated":true}]}}