{"id":58614,"date":"2023-08-11T13:30:00","date_gmt":"2023-08-11T18:30:00","guid":{"rendered":"http:\/\/www.zonaroja.com.mx\/?p=58614"},"modified":"2023-08-11T08:20:57","modified_gmt":"2023-08-11T13:20:57","slug":"otra-vez-tribunal-electoral-ordena-inscribir-a-amlo-en-catalogo-de-sancionados","status":"publish","type":"post","link":"https:\/\/zonaroja.com.mx\/?p=58614","title":{"rendered":"Otra vez, Tribunal Electoral ordena inscribir a AMLO en cat\u00e1logo de sancionados"},"content":{"rendered":"\n<p>Redacci\u00f3n\/Zona Roja Cdmx.<\/p>\n\n\n\n<p>Ciudad de M\u00e9xico, a 11 de agosto de 2023.- La Sala Especializada del Tribunal Electoral del Poder Judicial de la Federaci\u00f3n (TEPJF) determin\u00f3 que el Presidente Andr\u00e9s Manuel L\u00f3pez Obrador vulner\u00f3 la equidad en las elecciones en los estados de Coahuila y Estado de M\u00e9xico.<\/p>\n\n\n\n<p>En sesi\u00f3n p\u00fablica este jueves, los magistrados analizaron las declaraciones del titular del Ejecutivo federal del 15 de mayo, cuando critic\u00f3 al PAN, a su l\u00edder Marko Cort\u00e9s y al diputado Gabriel Quadri.<\/p>\n\n\n\n<p>\u201c\u00bfQui\u00e9n con un poco de luz en la frente de Oaxaca, de Chiapas, de Guerrero va a votar por el PAN teniendo a Quadri? Digo, es\u2026 Ah\u00ed est\u00e1, miren. No se dejan, ya m\u00e1s no puede uno hacer por ellos\u201d, coment\u00f3 el mandatario en la mencionada conferencia, en la que record\u00f3 que el diputado federal dijo que \u201cel problema de M\u00e9xico era que exist\u00edan estados como Oaxaca, como Chiapas y como Guerrero\u201d.<\/p>\n\n\n\n<p>Los magistrados tambi\u00e9n determinaron que L\u00f3pez Obrador hizo uso indebido de recursos p\u00fablicos por el uso de recursos humanos y materiales en esa \u201cma\u00f1anera\u201d.<\/p>\n\n\n\n<p>Es la segunda ocasi\u00f3n que el tribunal ordena inscribir al presidente de la Rep\u00fablica en el Cat\u00e1logo de Sujetos Sancionados, la primera vez fue por hablar de un \u2018Plan C\u2019 electoral.<\/p>\n\n\n\n<p>(Con informaci\u00f3n de L\u00f3pez-D\u00f3riga Digital)<\/p>\n","protected":false},"excerpt":{"rendered":"<p>Redacci\u00f3n\/Zona Roja Cdmx. Ciudad de M\u00e9xico, a 11 de agosto de 2023.- La Sala Especializada&hellip;<\/p>\n","protected":false},"author":2,"featured_media":43108,"comment_status":"closed","ping_status":"open","sticky":false,"template":"","format":"standard","meta":{"_lmt_disableupdate":"","_lmt_disable":"","_jetpack_memberships_contains_paid_content":false,"footnotes":""},"categories":[109,47],"tags":[143],"class_list":["post-58614","post","type-post","status-publish","format-standard","has-post-thumbnail","hentry","category-minuto-a-minuto","category-zona-gris","tag-andres-manuel-lopez-obrador"],"jetpack_featured_media_url":"https:\/\/zonaroja.com.mx\/wp-content\/uploads\/2022\/07\/Andres-Manuel-Lopez-Obrador-mananera.jpeg","jetpack_sharing_enabled":true,"_links":{"self":[{"href":"https:\/\/zonaroja.com.mx\/index.php?rest_route=\/wp\/v2\/posts\/58614","targetHints":{"allow":["GET"]}}],"collection":[{"href":"https:\/\/zonaroja.com.mx\/index.php?rest_route=\/wp\/v2\/posts"}],"about":[{"href":"https:\/\/zonaroja.com.mx\/index.php?rest_route=\/wp\/v2\/types\/post"}],"author":[{"embeddable":true,"href":"https:\/\/zonaroja.com.mx\/index.php?rest_route=\/wp\/v2\/users\/2"}],"replies":[{"embeddable":true,"href":"https:\/\/zonaroja.com.mx\/index.php?rest_route=%2Fwp%2Fv2%2Fcomments&post=58614"}],"version-history":[{"count":1,"href":"https:\/\/zonaroja.com.mx\/index.php?rest_route=\/wp\/v2\/posts\/58614\/revisions"}],"predecessor-version":[{"id":58615,"href":"https:\/\/zonaroja.com.mx\/index.php?rest_route=\/wp\/v2\/posts\/58614\/revisions\/58615"}],"wp:featuredmedia":[{"embeddable":true,"href":"https:\/\/zonaroja.com.mx\/index.php?rest_route=\/wp\/v2\/media\/43108"}],"wp:attachment":[{"href":"https:\/\/zonaroja.com.mx\/index.php?rest_route=%2Fwp%2Fv2%2Fmedia&parent=58614"}],"wp:term":[{"taxonomy":"category","embeddable":true,"href":"https:\/\/zonaroja.com.mx\/index.php?rest_route=%2Fwp%2Fv2%2Fcategories&post=58614"},{"taxonomy":"post_tag","embeddable":true,"href":"https:\/\/zonaroja.com.mx\/index.php?rest_route=%2Fwp%2Fv2%2Ftags&post=58614"}],"curies":[{"name":"wp","href":"https:\/\/api.w.org\/{rel}","templated":true}]}}